{"id":9181,"date":"2010-10-18T15:50:00","date_gmt":"2010-10-18T15:50:00","guid":{"rendered":"http:\/\/formalprision.info\/2010\/10\/18\/ampliaran-el-arraigo-los-asaltantes-de\/"},"modified":"2015-06-03T09:00:26","modified_gmt":"2015-06-03T09:00:26","slug":"ampliaran-el-arraigo-los-asaltantes-de","status":"publish","type":"post","link":"https:\/\/formalprision.com\/?p=9181","title":{"rendered":"Ampliar\u00e1n el arraigo a los asaltantes de Altabrisa"},"content":{"rendered":"<p><a href=\"http:\/\/3.bp.blogspot.com\/_QwiJz8zwaOw\/TLvv-k3zIKI\/AAAAAAAABus\/aNLa0smBeiQ\/s1600\/GetAttachment%5B4%5D%5B2%5D.jpg\"><img decoding=\"async\" id=\"BLOGGER_PHOTO_ID_5529276825856057506\" style=\"FLOAT: left; MARGIN: 0px 10px 10px 0px; WIDTH: 120px; CURSOR: hand; HEIGHT: 160px\" alt=\"\" src=\"http:\/\/formalprision.com\/wp-content\/uploads\/2010\/10\/GetAttachment421.jpg\" border=\"0\" \/><\/a><\/p>\n<div>El procurador de justicia estatal H\u00e9ctor Cabrera Rivero ha informado que se solicitar\u00e1 la ampliaci\u00f3n del arraigo contra los 11 detenidos por el asalto de la joyer\u00eda Bauer de Altabrisa.<\/div>\n<p><\/p>\n<div>La solicitud se har\u00eda esta misma semana al Juez Sexto Penal, Manuel Jes\u00fas Soberanis Ram\u00edrez, quien otorg\u00f3 el arraigo actual que est\u00e1 vigente por 30 d\u00edas.<\/div>\n<p><\/p>\n<div>Se solicitar\u00edan otros 30 d\u00edas de arraigo para robustecer la investigaci\u00f3n y para fincar responsabilidad a los 11 detenidos, pues varios de ellos niegan su participaci\u00f3n.<\/div>\n<p><\/p>\n<div>El asalto fue perpetrado el pasado 22 de septiembre, a las 20 horas, pero los detenidos cayeron a partir del 23, por lo que en el transcurso de esta semana vence el arraigo, aunque en fechas diferentes.<\/div>\n<div>Los detenidos son Jorge Marco Albarr\u00e1n Medina, C\u00e9sar Iv\u00e1n Cruz Dom\u00ednguez, y Manuel Alejandro Montes Serna; Francisco Le\u00f3n Guillermo Manuel Tapia Bent\u00f3n; Daniel Antonio Mart\u00ednez G\u00f3mez; Edgar Omar Garc\u00eda Castro, V\u00edctor Hugo Hern\u00e1ndez Espinosa, Jos\u00e9 P\u00e9rez Janeiro (a) \u00abEl Pierrot\u00bb ,Andrea Karina Lomazzi Viera, Jorge Fuentes y Melvin Granados.<\/div>\n<p><\/p>\n<div><\/div>\n","protected":false},"excerpt":{"rendered":"<p>El procurador de justicia estatal H\u00e9ctor Cabrera Rivero ha informado que se solicitar\u00e1 la ampliaci\u00f3n del arraigo contra los 11 detenidos por el asalto de la joyer\u00eda Bauer de Altabrisa.<\/p>\n","protected":false},"author":1,"featured_media":28202,"comment_status":"open","ping_status":"open","sticky":false,"template":"","format":"standard","meta":{"jetpack_post_was_ever_published":false,"_jetpack_newsletter_access":"","_jetpack_dont_email_post_to_subs":false,"_jetpack_newsletter_tier_id":0,"_jetpack_memberships_contains_paywalled_content":false,"_jetpack_memberships_contains_paid_content":false,"footnotes":"","jetpack_publicize_message":"","jetpack_publicize_feature_enabled":true,"jetpack_social_post_already_shared":false,"jetpack_social_options":{"image_generator_settings":{"template":"highway","default_image_id":0,"font":"","enabled":false},"version":2}},"categories":[3,57,1],"tags":[],"class_list":["post-9181","post","type-post","status-publish","format-standard","has-post-thumbnail","hentry","category-portada","category-ratas","category-sin-categoria"],"jetpack_publicize_connections":[],"jetpack_featured_media_url":"https:\/\/formalprision.com\/wp-content\/uploads\/2010\/10\/GetAttachment421.jpg","jetpack_sharing_enabled":true,"jetpack_shortlink":"https:\/\/wp.me\/p6id8p-2o5","_links":{"self":[{"href":"https:\/\/formalprision.com\/index.php?rest_route=\/wp\/v2\/posts\/9181","targetHints":{"allow":["GET"]}}],"collection":[{"href":"https:\/\/formalprision.com\/index.php?rest_route=\/wp\/v2\/posts"}],"about":[{"href":"https:\/\/formalprision.com\/index.php?rest_route=\/wp\/v2\/types\/post"}],"author":[{"embeddable":true,"href":"https:\/\/formalprision.com\/index.php?rest_route=\/wp\/v2\/users\/1"}],"replies":[{"embeddable":true,"href":"https:\/\/formalprision.com\/index.php?rest_route=%2Fwp%2Fv2%2Fcomments&post=9181"}],"version-history":[{"count":0,"href":"https:\/\/formalprision.com\/index.php?rest_route=\/wp\/v2\/posts\/9181\/revisions"}],"wp:featuredmedia":[{"embeddable":true,"href":"https:\/\/formalprision.com\/index.php?rest_route=\/wp\/v2\/media\/28202"}],"wp:attachment":[{"href":"https:\/\/formalprision.com\/index.php?rest_route=%2Fwp%2Fv2%2Fmedia&parent=9181"}],"wp:term":[{"taxonomy":"category","embeddable":true,"href":"https:\/\/formalprision.com\/index.php?rest_route=%2Fwp%2Fv2%2Fcategories&post=9181"},{"taxonomy":"post_tag","embeddable":true,"href":"https:\/\/formalprision.com\/index.php?rest_route=%2Fwp%2Fv2%2Ftags&post=9181"}],"curies":[{"name":"wp","href":"https:\/\/api.w.org\/{rel}","templated":true}]}}