{"id":9193,"date":"2010-10-12T22:13:00","date_gmt":"2010-10-12T22:13:00","guid":{"rendered":"http:\/\/formalprision.info\/2010\/10\/12\/saiden-anuncia-nuevo-grupo-de-reaccion\/"},"modified":"2015-06-03T09:00:29","modified_gmt":"2015-06-03T09:00:29","slug":"saiden-anuncia-nuevo-grupo-de-reaccion","status":"publish","type":"post","link":"https:\/\/formalprision.com\/?p=9193","title":{"rendered":"Said\u00e9n anuncia nuevo Grupo de Reacci\u00f3n para la SSP"},"content":{"rendered":"<p><a href=\"http:\/\/1.bp.blogspot.com\/_QwiJz8zwaOw\/TLSZfEROqdI\/AAAAAAAABts\/-_PxpUPbT0k\/s1600\/GetAttachment%5B5%5D.jpg\"><img decoding=\"async\" id=\"BLOGGER_PHOTO_ID_5527211401691441618\" style=\"FLOAT: left; MARGIN: 0px 10px 10px 0px; WIDTH: 120px; CURSOR: hand; HEIGHT: 160px\" alt=\"\" src=\"http:\/\/formalprision.com\/wp-content\/uploads\/2010\/10\/GetAttachment51.jpg\" border=\"0\" \/><\/a><\/p>\n<div><\/p>\n<div>La Secretar\u00eda de Seguridad P\u00fablica contar\u00e1 con nuevo Grupo de Reacci\u00f3n, que ser\u00e1 el encargado del manejo de las granadas y armas de grueso calibre entregadas ayer.<\/div>\n<p><\/p>\n<div>Asi lo manifest\u00f3 el titular de la corporaci\u00f3n, el Cmdte. Luis Felipe Said\u00e9n Ojeda.<\/div>\n<p><\/p>\n<div>Dijo que el nuevo Grupo de Reacci\u00f3n ser\u00e1 el \u00fanico que manejar\u00e1 dichas armas, pues se requiere de especializaci\u00f3n y alto adiestrameinto para tal fin.<\/div>\n<p><\/p>\n<div>Este grupo, dijo, saldr\u00e1 de los actuales elementos Goeras, que son los m\u00e1s adiestrados para tareas dif\u00edciles.<\/div>\n<p><\/p>\n<div>Indic\u00f3 que no se ha pensado el nombre que tendr\u00e1 el nueo grupo, pues todav\u00eda no se determina esa cuesti\u00f3n.<\/div>\n<p><\/p>\n<div>El Grupo de Reacci\u00f3n manejar\u00e1 las siete ametralladoras Barret 50 que se adquirieron y que tienen capacidadpara mandar a volar a delincuentes gruesos que se le pongan enfrente.<\/div>\n<div><\/div>\n<\/div>\n","protected":false},"excerpt":{"rendered":"<p>La Secretar\u00eda de Seguridad P\u00fablica contar\u00e1 con nuevo Grupo de Reacci\u00f3n, que ser\u00e1 el encargado del manejo de las granadas y armas de grueso calibre entregadas ayer. Asi lo manifest\u00f3<\/p>\n","protected":false},"author":1,"featured_media":28221,"comment_status":"open","ping_status":"open","sticky":false,"template":"","format":"standard","meta":{"jetpack_post_was_ever_published":false,"_jetpack_newsletter_access":"","_jetpack_dont_email_post_to_subs":false,"_jetpack_newsletter_tier_id":0,"_jetpack_memberships_contains_paywalled_content":false,"_jetpack_memberships_contains_paid_content":false,"footnotes":"","jetpack_publicize_message":"","jetpack_publicize_feature_enabled":true,"jetpack_social_post_already_shared":false,"jetpack_social_options":{"image_generator_settings":{"template":"highway","default_image_id":0,"font":"","enabled":false},"version":2}},"categories":[50,3,57,1],"tags":[],"class_list":["post-9193","post","type-post","status-publish","format-standard","has-post-thumbnail","hentry","category-machines","category-portada","category-ratas","category-sin-categoria"],"jetpack_publicize_connections":[],"jetpack_featured_media_url":"https:\/\/formalprision.com\/wp-content\/uploads\/2010\/10\/GetAttachment51.jpg","jetpack_sharing_enabled":true,"jetpack_shortlink":"https:\/\/wp.me\/p6id8p-2oh","_links":{"self":[{"href":"https:\/\/formalprision.com\/index.php?rest_route=\/wp\/v2\/posts\/9193","targetHints":{"allow":["GET"]}}],"collection":[{"href":"https:\/\/formalprision.com\/index.php?rest_route=\/wp\/v2\/posts"}],"about":[{"href":"https:\/\/formalprision.com\/index.php?rest_route=\/wp\/v2\/types\/post"}],"author":[{"embeddable":true,"href":"https:\/\/formalprision.com\/index.php?rest_route=\/wp\/v2\/users\/1"}],"replies":[{"embeddable":true,"href":"https:\/\/formalprision.com\/index.php?rest_route=%2Fwp%2Fv2%2Fcomments&post=9193"}],"version-history":[{"count":0,"href":"https:\/\/formalprision.com\/index.php?rest_route=\/wp\/v2\/posts\/9193\/revisions"}],"wp:featuredmedia":[{"embeddable":true,"href":"https:\/\/formalprision.com\/index.php?rest_route=\/wp\/v2\/media\/28221"}],"wp:attachment":[{"href":"https:\/\/formalprision.com\/index.php?rest_route=%2Fwp%2Fv2%2Fmedia&parent=9193"}],"wp:term":[{"taxonomy":"category","embeddable":true,"href":"https:\/\/formalprision.com\/index.php?rest_route=%2Fwp%2Fv2%2Fcategories&post=9193"},{"taxonomy":"post_tag","embeddable":true,"href":"https:\/\/formalprision.com\/index.php?rest_route=%2Fwp%2Fv2%2Ftags&post=9193"}],"curies":[{"name":"wp","href":"https:\/\/api.w.org\/{rel}","templated":true}]}}