{"id":9195,"date":"2010-10-12T17:07:00","date_gmt":"2010-10-12T17:07:00","guid":{"rendered":"http:\/\/formalprision.info\/2010\/10\/12\/detienen-serrat-por-venta-de-droga-en\/"},"modified":"2015-06-03T09:00:30","modified_gmt":"2015-06-03T09:00:30","slug":"detienen-serrat-por-venta-de-droga-en","status":"publish","type":"post","link":"https:\/\/formalprision.com\/?p=9195","title":{"rendered":"Detienen a Serrat por venta de droga en M\u00e9rida"},"content":{"rendered":"<p>Polic\u00edas federales ministeriales detuvieorn en esta ciudad de M\u00e9rida a  Evangelina Serrat Borges, alias \u201cLa Gorda\u201d o \u201cEva\u201d, acusada de venta de mariguana.<br \/>Fue detenida en cumplimiento de una orden de aprehensi\u00f3n del Juzgado II de Distrito, por delito contra la salud, en la modalidad de comercio de mariguana, en su connotaci\u00f3n de venta.<br \/>La detenci\u00f3n ocurri\u00f3 en as inmediaciones de la colonia Chuminopolis<br \/>De acuerdo con el expediente, en septiembre del 2008, se detuvo a uns uejto que dijo que la mujer le vend\u00eda droga, por lo que se obtuvo la orden de captura contra La Gorda.<br \/>Por elmomento, la mujer no tiene derecho a salir libre bajo fianza.<\/p>\n","protected":false},"excerpt":{"rendered":"<p>Polic\u00edas federales ministeriales detuvieorn en esta ciudad de M\u00e9rida a Evangelina Serrat Borges, alias \u201cLa Gorda\u201d o \u201cEva\u201d, acusada de venta de mariguana.Fue detenida en cumplimiento de una orden de<\/p>\n","protected":false},"author":1,"featured_media":0,"comment_status":"open","ping_status":"open","sticky":false,"template":"","format":"standard","meta":{"jetpack_post_was_ever_published":false,"_jetpack_newsletter_access":"","_jetpack_dont_email_post_to_subs":false,"_jetpack_newsletter_tier_id":0,"_jetpack_memberships_contains_paywalled_content":false,"_jetpack_memberships_contains_paid_content":false,"footnotes":"","jetpack_publicize_message":"","jetpack_publicize_feature_enabled":true,"jetpack_social_post_already_shared":false,"jetpack_social_options":{"image_generator_settings":{"template":"highway","default_image_id":0,"font":"","enabled":false},"version":2}},"categories":[47,48,3,1],"tags":[],"class_list":["post-9195","post","type-post","status-publish","format-standard","hentry","category-narcos","category-pecadoras","category-portada","category-sin-categoria"],"jetpack_publicize_connections":[],"jetpack_featured_media_url":"","jetpack_sharing_enabled":true,"jetpack_shortlink":"https:\/\/wp.me\/p6id8p-2oj","_links":{"self":[{"href":"https:\/\/formalprision.com\/index.php?rest_route=\/wp\/v2\/posts\/9195","targetHints":{"allow":["GET"]}}],"collection":[{"href":"https:\/\/formalprision.com\/index.php?rest_route=\/wp\/v2\/posts"}],"about":[{"href":"https:\/\/formalprision.com\/index.php?rest_route=\/wp\/v2\/types\/post"}],"author":[{"embeddable":true,"href":"https:\/\/formalprision.com\/index.php?rest_route=\/wp\/v2\/users\/1"}],"replies":[{"embeddable":true,"href":"https:\/\/formalprision.com\/index.php?rest_route=%2Fwp%2Fv2%2Fcomments&post=9195"}],"version-history":[{"count":0,"href":"https:\/\/formalprision.com\/index.php?rest_route=\/wp\/v2\/posts\/9195\/revisions"}],"wp:attachment":[{"href":"https:\/\/formalprision.com\/index.php?rest_route=%2Fwp%2Fv2%2Fmedia&parent=9195"}],"wp:term":[{"taxonomy":"category","embeddable":true,"href":"https:\/\/formalprision.com\/index.php?rest_route=%2Fwp%2Fv2%2Fcategories&post=9195"},{"taxonomy":"post_tag","embeddable":true,"href":"https:\/\/formalprision.com\/index.php?rest_route=%2Fwp%2Fv2%2Ftags&post=9195"}],"curies":[{"name":"wp","href":"https:\/\/api.w.org\/{rel}","templated":true}]}}