{"id":9207,"date":"2010-10-08T14:40:00","date_gmt":"2010-10-08T14:40:00","guid":{"rendered":"http:\/\/formalprision.info\/2010\/10\/08\/el-payasito-meridano-chocolin-acusado\/"},"modified":"2015-06-03T09:00:33","modified_gmt":"2015-06-03T09:00:33","slug":"el-payasito-meridano-chocolin-acusado","status":"publish","type":"post","link":"https:\/\/formalprision.com\/?p=9207","title":{"rendered":"El payasito meridano Chocol\u00edn acusado de homicidio"},"content":{"rendered":"<p><a href=\"http:\/\/1.bp.blogspot.com\/_QwiJz8zwaOw\/TK4HW6LdUgI\/AAAAAAAABr0\/FVJOqtGmNqE\/s1600\/GetAttachment%5B3%5D.jpg\"><img decoding=\"async\" id=\"BLOGGER_PHOTO_ID_5525361882986009090\" style=\"FLOAT: left; MARGIN: 0px 10px 10px 0px; WIDTH: 190px; CURSOR: hand; HEIGHT: 160px\" alt=\"\" src=\"http:\/\/formalprision.com\/wp-content\/uploads\/2010\/10\/GetAttachment33.jpg\" border=\"0\" \/><\/a><\/p>\n<div>En sus ratos libres es payasito, pero cuando en verdad necesita dinero se dedica a robar o a matar gente.<\/div>\n<p><\/p>\n<div>Se trata de \u00c9dgar de Jes\u00fas Mel\u00e9ndez Pech, acusado de asesinar a Armando Jos\u00e9 Alvarez Vales .<\/div>\n<p><\/p>\n<div>Este tipo, de 22 a\u00f1os de edad, da vida al payaso \u00abChocol\u00edn\u00bb, que se presentaba en fiestas infantiles y ofrec\u00eda actuaciones callejeras.<\/div>\n<p><\/p>\n<div>Seg\u00fan la Procuradur\u00eda General de Justicia del Estado, fue detenido en Canc\u00fan, a donde huy\u00f3 despu\u00e9s de participar en el asesinato de Armando Alvarez.<\/div>\n<p><\/p>\n<div>El sujeto tiene antecedentes penales por robo a una casa, por el cual fue detenido y encarcelado en 2006.<\/div>\n<div>Se nos informa que el payasito Chocol\u00edn se encuentra arraigado y que su pr\u00f3ximo show ser\u00e1 en la Peni.<\/div>\n<p><\/p>\n<div><\/div>\n","protected":false},"excerpt":{"rendered":"<p>En sus ratos libres es payasito, pero cuando en verdad necesita dinero se dedica a robar o a matar gente. Se trata de \u00c9dgar de Jes\u00fas Mel\u00e9ndez Pech, acusado de<\/p>\n","protected":false},"author":1,"featured_media":28247,"comment_status":"open","ping_status":"open","sticky":false,"template":"","format":"standard","meta":{"jetpack_post_was_ever_published":false,"_jetpack_newsletter_access":"","_jetpack_dont_email_post_to_subs":false,"_jetpack_newsletter_tier_id":0,"_jetpack_memberships_contains_paywalled_content":false,"_jetpack_memberships_contains_paid_content":false,"footnotes":"","jetpack_publicize_message":"","jetpack_publicize_feature_enabled":true,"jetpack_social_post_already_shared":false,"jetpack_social_options":{"image_generator_settings":{"template":"highway","default_image_id":0,"font":"","enabled":false},"version":2}},"categories":[59,3,1],"tags":[],"class_list":["post-9207","post","type-post","status-publish","format-standard","has-post-thumbnail","hentry","category-asesinos","category-portada","category-sin-categoria"],"jetpack_publicize_connections":[],"jetpack_featured_media_url":"https:\/\/formalprision.com\/wp-content\/uploads\/2010\/10\/GetAttachment33.jpg","jetpack_sharing_enabled":true,"jetpack_shortlink":"https:\/\/wp.me\/p6id8p-2ov","_links":{"self":[{"href":"https:\/\/formalprision.com\/index.php?rest_route=\/wp\/v2\/posts\/9207","targetHints":{"allow":["GET"]}}],"collection":[{"href":"https:\/\/formalprision.com\/index.php?rest_route=\/wp\/v2\/posts"}],"about":[{"href":"https:\/\/formalprision.com\/index.php?rest_route=\/wp\/v2\/types\/post"}],"author":[{"embeddable":true,"href":"https:\/\/formalprision.com\/index.php?rest_route=\/wp\/v2\/users\/1"}],"replies":[{"embeddable":true,"href":"https:\/\/formalprision.com\/index.php?rest_route=%2Fwp%2Fv2%2Fcomments&post=9207"}],"version-history":[{"count":0,"href":"https:\/\/formalprision.com\/index.php?rest_route=\/wp\/v2\/posts\/9207\/revisions"}],"wp:featuredmedia":[{"embeddable":true,"href":"https:\/\/formalprision.com\/index.php?rest_route=\/wp\/v2\/media\/28247"}],"wp:attachment":[{"href":"https:\/\/formalprision.com\/index.php?rest_route=%2Fwp%2Fv2%2Fmedia&parent=9207"}],"wp:term":[{"taxonomy":"category","embeddable":true,"href":"https:\/\/formalprision.com\/index.php?rest_route=%2Fwp%2Fv2%2Fcategories&post=9207"},{"taxonomy":"post_tag","embeddable":true,"href":"https:\/\/formalprision.com\/index.php?rest_route=%2Fwp%2Fv2%2Ftags&post=9207"}],"curies":[{"name":"wp","href":"https:\/\/api.w.org\/{rel}","templated":true}]}}