{"id":9217,"date":"2010-10-06T15:06:00","date_gmt":"2010-10-06T15:06:00","guid":{"rendered":"http:\/\/formalprision.info\/2010\/10\/06\/melvis-granados-reconoce-asalto-de\/"},"modified":"2015-06-03T09:00:35","modified_gmt":"2015-06-03T09:00:35","slug":"melvis-granados-reconoce-asalto-de","status":"publish","type":"post","link":"https:\/\/formalprision.com\/?p=9217","title":{"rendered":"Melvis Granados reconoce asalto de Altabrisa"},"content":{"rendered":"<p><a href=\"http:\/\/2.bp.blogspot.com\/_QwiJz8zwaOw\/TKwSlvjBeVI\/AAAAAAAABrE\/ngRsgb7D8UE\/s1600\/MELVIS+GRANADOS.jpg\"><img decoding=\"async\" id=\"BLOGGER_PHOTO_ID_5524811282504579410\" style=\"FLOAT: left; MARGIN: 0px 10px 10px 0px; WIDTH: 240px; CURSOR: hand; HEIGHT: 320px\" alt=\"\" src=\"http:\/\/formalprision.com\/wp-content\/uploads\/2010\/10\/MELVIS-GRANADOS.jpg\" border=\"0\" \/><\/a><\/p>\n<div><\/p>\n<div>Melvis Granados Carrasco. una de las dos mujeres detenidas por el asalto a la joyer\u00eda Bauer de Altabrisa, reconoci\u00f3 anoche su participaci\u00f3n activa y tupida en el atraco.<\/div>\n<p><\/p>\n<div>La mujer acudi\u00f3 anoche (m\u00e1s bien fue llevada a la fuerza) al Oxxo de Montecristo para recrear la escena registrada hace un par de semanas, cuando recibi\u00f3 ah\u00ed las alhajas y relojes que robaron sus c\u00f3mplices em la joyer\u00eda.<\/div>\n<p><\/p>\n<div>En ese sitio, Melvis Granados descendi\u00f3 del Chevy que utiliz\u00f3 el d\u00eda del atraco y luego recibi\u00f3 las bolsas con las alhajas.<\/div>\n<p><\/p>\n<div>La asaltante admiti\u00f3 que si particip\u00f3 en el hurto y mostr\u00f3 con lujo de detalles como tom\u00f3 las bolsas y nuevamente se subi\u00f3 al chevy en el estacionamiento de la tienda Oxxo, pero antes le dijo a los asaltantes que se pelaran.<\/div>\n<p><\/p>\n<div>Melvis Granados cuando fue arraigada dijo que no estaba de acuerdo con que le hicieran eso porque, seg\u00fan ella, no particip\u00f3 en el asalto, lo que anoche reconoci\u00f3 sin tanto pex.<\/div>\n<\/div>\n","protected":false},"excerpt":{"rendered":"<p>Melvis Granados Carrasco. una de las dos mujeres detenidas por el asalto a la joyer\u00eda Bauer de Altabrisa, reconoci\u00f3 anoche su participaci\u00f3n activa y tupida en el atraco. La mujer<\/p>\n","protected":false},"author":1,"featured_media":28264,"comment_status":"open","ping_status":"open","sticky":false,"template":"","format":"standard","meta":{"jetpack_post_was_ever_published":false,"_jetpack_newsletter_access":"","_jetpack_dont_email_post_to_subs":false,"_jetpack_newsletter_tier_id":0,"_jetpack_memberships_contains_paywalled_content":false,"_jetpack_memberships_contains_paid_content":false,"footnotes":"","jetpack_publicize_message":"","jetpack_publicize_feature_enabled":true,"jetpack_social_post_already_shared":false,"jetpack_social_options":{"image_generator_settings":{"template":"highway","default_image_id":0,"font":"","enabled":false},"version":2}},"categories":[48,3,57,1],"tags":[],"class_list":["post-9217","post","type-post","status-publish","format-standard","has-post-thumbnail","hentry","category-pecadoras","category-portada","category-ratas","category-sin-categoria"],"jetpack_publicize_connections":[],"jetpack_featured_media_url":"https:\/\/formalprision.com\/wp-content\/uploads\/2010\/10\/MELVIS-GRANADOS.jpg","jetpack_sharing_enabled":true,"jetpack_shortlink":"https:\/\/wp.me\/p6id8p-2oF","_links":{"self":[{"href":"https:\/\/formalprision.com\/index.php?rest_route=\/wp\/v2\/posts\/9217","targetHints":{"allow":["GET"]}}],"collection":[{"href":"https:\/\/formalprision.com\/index.php?rest_route=\/wp\/v2\/posts"}],"about":[{"href":"https:\/\/formalprision.com\/index.php?rest_route=\/wp\/v2\/types\/post"}],"author":[{"embeddable":true,"href":"https:\/\/formalprision.com\/index.php?rest_route=\/wp\/v2\/users\/1"}],"replies":[{"embeddable":true,"href":"https:\/\/formalprision.com\/index.php?rest_route=%2Fwp%2Fv2%2Fcomments&post=9217"}],"version-history":[{"count":0,"href":"https:\/\/formalprision.com\/index.php?rest_route=\/wp\/v2\/posts\/9217\/revisions"}],"wp:featuredmedia":[{"embeddable":true,"href":"https:\/\/formalprision.com\/index.php?rest_route=\/wp\/v2\/media\/28264"}],"wp:attachment":[{"href":"https:\/\/formalprision.com\/index.php?rest_route=%2Fwp%2Fv2%2Fmedia&parent=9217"}],"wp:term":[{"taxonomy":"category","embeddable":true,"href":"https:\/\/formalprision.com\/index.php?rest_route=%2Fwp%2Fv2%2Fcategories&post=9217"},{"taxonomy":"post_tag","embeddable":true,"href":"https:\/\/formalprision.com\/index.php?rest_route=%2Fwp%2Fv2%2Ftags&post=9217"}],"curies":[{"name":"wp","href":"https:\/\/api.w.org\/{rel}","templated":true}]}}