{"id":9219,"date":"2010-10-06T11:30:00","date_gmt":"2010-10-06T11:30:00","guid":{"rendered":"http:\/\/formalprision.info\/2010\/10\/06\/cae-el-autor-material-del-crimen-de\/"},"modified":"2015-06-03T09:00:35","modified_gmt":"2015-06-03T09:00:35","slug":"cae-el-autor-material-del-crimen-de","status":"publish","type":"post","link":"https:\/\/formalprision.com\/?p=9219","title":{"rendered":"Cae el autor material del crimen de Armando Alvarez Vales"},"content":{"rendered":"<p><a href=\"http:\/\/3.bp.blogspot.com\/_QwiJz8zwaOw\/TKwKdSDP3gI\/AAAAAAAABqs\/OTTURxgImuo\/s1600\/GetAttachment%5B7%5D.jpg\"><img decoding=\"async\" id=\"BLOGGER_PHOTO_ID_5524802341054701058\" style=\"FLOAT: left; MARGIN: 0px 10px 10px 0px; WIDTH: 190px; CURSOR: hand; HEIGHT: 160px\" alt=\"\" src=\"http:\/\/formalprision.com\/wp-content\/uploads\/2010\/10\/GetAttachment7.jpg\" border=\"0\" \/><\/a><\/p>\n<div>La Procuradur\u00eda de Justicia, con apoyo de su similar en Quintana Roo, detuvieron en Canc\u00fan a otro implicado en el homicidio de Armando \u00c1lvarez Vales, quien en d\u00edas pasados fue ultimado en un camino de terracer\u00eda, ubicado en el Kil\u00f3metro 9+600 de la Carretera M\u00e9rida Canc\u00fan.<br \/>El detenido es EDGAR DE JES\u00daS MEL\u00c9NDEZ PECH (A) \u201cEL PAYASO\u201d, de 22 a\u00f1os de edad, quien fue el que hiri\u00f3 con el cuchillo al comerciante, o sea fue quien lomat\u00f3.<\/div>\n<p><\/p>\n<div>E\u00f1 sujeto admiti\u00f3 los hechos y dijo que lo hizo porque le pagar\u00edan 23 mil pesos.<br \/>Hoy mismo fue arraigado y enviado a custodia junto a los otros cuatro tipos detenidos antes, incluyendo a las tres zorritas que participaron como se\u00f1uelo.<\/div>\n<p><\/p>\n<div><\/div>\n","protected":false},"excerpt":{"rendered":"<p>La Procuradur\u00eda de Justicia, con apoyo de su similar en Quintana Roo, detuvieron en Canc\u00fan a otro implicado en el homicidio de Armando \u00c1lvarez Vales, quien en d\u00edas pasados fue<\/p>\n","protected":false},"author":1,"featured_media":28268,"comment_status":"open","ping_status":"open","sticky":false,"template":"","format":"standard","meta":{"jetpack_post_was_ever_published":false,"_jetpack_newsletter_access":"","_jetpack_dont_email_post_to_subs":false,"_jetpack_newsletter_tier_id":0,"_jetpack_memberships_contains_paywalled_content":false,"_jetpack_memberships_contains_paid_content":false,"footnotes":"","jetpack_publicize_message":"","jetpack_publicize_feature_enabled":true,"jetpack_social_post_already_shared":false,"jetpack_social_options":{"image_generator_settings":{"template":"highway","default_image_id":0,"font":"","enabled":false},"version":2}},"categories":[59,3,1],"tags":[],"class_list":["post-9219","post","type-post","status-publish","format-standard","has-post-thumbnail","hentry","category-asesinos","category-portada","category-sin-categoria"],"jetpack_publicize_connections":[],"jetpack_featured_media_url":"https:\/\/formalprision.com\/wp-content\/uploads\/2010\/10\/GetAttachment7.jpg","jetpack_sharing_enabled":true,"jetpack_shortlink":"https:\/\/wp.me\/p6id8p-2oH","_links":{"self":[{"href":"https:\/\/formalprision.com\/index.php?rest_route=\/wp\/v2\/posts\/9219","targetHints":{"allow":["GET"]}}],"collection":[{"href":"https:\/\/formalprision.com\/index.php?rest_route=\/wp\/v2\/posts"}],"about":[{"href":"https:\/\/formalprision.com\/index.php?rest_route=\/wp\/v2\/types\/post"}],"author":[{"embeddable":true,"href":"https:\/\/formalprision.com\/index.php?rest_route=\/wp\/v2\/users\/1"}],"replies":[{"embeddable":true,"href":"https:\/\/formalprision.com\/index.php?rest_route=%2Fwp%2Fv2%2Fcomments&post=9219"}],"version-history":[{"count":0,"href":"https:\/\/formalprision.com\/index.php?rest_route=\/wp\/v2\/posts\/9219\/revisions"}],"wp:featuredmedia":[{"embeddable":true,"href":"https:\/\/formalprision.com\/index.php?rest_route=\/wp\/v2\/media\/28268"}],"wp:attachment":[{"href":"https:\/\/formalprision.com\/index.php?rest_route=%2Fwp%2Fv2%2Fmedia&parent=9219"}],"wp:term":[{"taxonomy":"category","embeddable":true,"href":"https:\/\/formalprision.com\/index.php?rest_route=%2Fwp%2Fv2%2Fcategories&post=9219"},{"taxonomy":"post_tag","embeddable":true,"href":"https:\/\/formalprision.com\/index.php?rest_route=%2Fwp%2Fv2%2Ftags&post=9219"}],"curies":[{"name":"wp","href":"https:\/\/api.w.org\/{rel}","templated":true}]}}