{"id":9229,"date":"2010-10-02T18:13:00","date_gmt":"2010-10-02T18:13:00","guid":{"rendered":"http:\/\/formalprision.info\/2010\/10\/02\/se-roba-una-bicicleta-pero-no-la-maneja\/"},"modified":"2015-06-03T09:00:37","modified_gmt":"2015-06-03T09:00:37","slug":"se-roba-una-bicicleta-pero-no-la-maneja","status":"publish","type":"post","link":"https:\/\/formalprision.com\/?p=9229","title":{"rendered":"Se roba una bicicleta, pero no la maneja para evitar el alcohol\u00edmetro"},"content":{"rendered":"<p><a href=\"http:\/\/2.bp.blogspot.com\/_QwiJz8zwaOw\/TKd2t_yl3sI\/AAAAAAAABpM\/vmLqd4xH8UI\/s1600\/GetAttachment%5B2%5D.jpg\"><img decoding=\"async\" id=\"BLOGGER_PHOTO_ID_5523514000583024322\" style=\"FLOAT: left; MARGIN: 0px 10px 10px 0px; WIDTH: 167px; CURSOR: hand; HEIGHT: 160px\" alt=\"\" src=\"http:\/\/formalprision.com\/wp-content\/uploads\/2010\/10\/GetAttachment24.jpg\" border=\"0\" \/><\/a><\/p>\n<div>Elementos de la Polic\u00eda Municipal de M\u00e9rida detuvieron ayer a las 21:30 horas a Luis Hern\u00e1n V\u00e1zquez Tec, quien se rob\u00f3 una bicicleta en la zona del mercado de San Benito.<\/div>\n<p><\/p>\n<div>Al encontrarse los agentes polic\u00edacos realizando su labor de vigilancia en la calle 54 por 67, se les acerc\u00f3 Jos\u00e9 Blacido May Camacho, quien inform\u00f3 que momentos antes, en la calle 54 entre 67 y 69 le hab\u00edan robado su bicicleta.<\/div>\n<p><\/p>\n<div>Con las caracter\u00edsticas proporcionadas, la polic\u00eda dispuso de un operativo de b\u00fasqueda por el \u00e1rea, siendo localizado V\u00e1zquez Tec en la calle 48 entre 67 y 69.<\/div>\n<div>Llevaba la bicicleta \u00aba mano\u00bb porque no sabe manejar, m\u00e1s bien sabe un poquito, epro como ya hab\u00eda tomado no quer\u00eda que lo pararan en el alcohol\u00edmetro.<\/div>\n<div>El detenido, quien ten\u00eda aliento alcoh\u00f3lico, fue trasladado a la C\u00e1rcel Municipal para su posterior remisi\u00f3n al Ministerio P\u00fablico para los fines legales pertinentes<\/div>\n","protected":false},"excerpt":{"rendered":"<p>Elementos de la Polic\u00eda Municipal de M\u00e9rida detuvieron ayer a las 21:30 horas a Luis Hern\u00e1n V\u00e1zquez Tec, quien se rob\u00f3 una bicicleta en la zona del mercado de San<\/p>\n","protected":false},"author":1,"featured_media":28285,"comment_status":"open","ping_status":"open","sticky":false,"template":"","format":"standard","meta":{"jetpack_post_was_ever_published":false,"_jetpack_newsletter_access":"","_jetpack_dont_email_post_to_subs":false,"_jetpack_newsletter_tier_id":0,"_jetpack_memberships_contains_paywalled_content":false,"_jetpack_memberships_contains_paid_content":false,"footnotes":"","jetpack_publicize_message":"","jetpack_publicize_feature_enabled":true,"jetpack_social_post_already_shared":false,"jetpack_social_options":{"image_generator_settings":{"template":"highway","default_image_id":0,"font":"","enabled":false},"version":2}},"categories":[3,1,54],"tags":[],"class_list":["post-9229","post","type-post","status-publish","format-standard","has-post-thumbnail","hentry","category-portada","category-sin-categoria","category-yucatan"],"jetpack_publicize_connections":[],"jetpack_featured_media_url":"https:\/\/formalprision.com\/wp-content\/uploads\/2010\/10\/GetAttachment24.jpg","jetpack_sharing_enabled":true,"jetpack_shortlink":"https:\/\/wp.me\/p6id8p-2oR","_links":{"self":[{"href":"https:\/\/formalprision.com\/index.php?rest_route=\/wp\/v2\/posts\/9229","targetHints":{"allow":["GET"]}}],"collection":[{"href":"https:\/\/formalprision.com\/index.php?rest_route=\/wp\/v2\/posts"}],"about":[{"href":"https:\/\/formalprision.com\/index.php?rest_route=\/wp\/v2\/types\/post"}],"author":[{"embeddable":true,"href":"https:\/\/formalprision.com\/index.php?rest_route=\/wp\/v2\/users\/1"}],"replies":[{"embeddable":true,"href":"https:\/\/formalprision.com\/index.php?rest_route=%2Fwp%2Fv2%2Fcomments&post=9229"}],"version-history":[{"count":0,"href":"https:\/\/formalprision.com\/index.php?rest_route=\/wp\/v2\/posts\/9229\/revisions"}],"wp:featuredmedia":[{"embeddable":true,"href":"https:\/\/formalprision.com\/index.php?rest_route=\/wp\/v2\/media\/28285"}],"wp:attachment":[{"href":"https:\/\/formalprision.com\/index.php?rest_route=%2Fwp%2Fv2%2Fmedia&parent=9229"}],"wp:term":[{"taxonomy":"category","embeddable":true,"href":"https:\/\/formalprision.com\/index.php?rest_route=%2Fwp%2Fv2%2Fcategories&post=9229"},{"taxonomy":"post_tag","embeddable":true,"href":"https:\/\/formalprision.com\/index.php?rest_route=%2Fwp%2Fv2%2Ftags&post=9229"}],"curies":[{"name":"wp","href":"https:\/\/api.w.org\/{rel}","templated":true}]}}