{"id":9233,"date":"2010-10-02T16:34:00","date_gmt":"2010-10-02T16:34:00","guid":{"rendered":"http:\/\/formalprision.info\/2010\/10\/02\/procurador-senala-que-la-torre-de\/"},"modified":"2015-06-03T09:00:37","modified_gmt":"2015-06-03T09:00:37","slug":"procurador-senala-que-la-torre-de","status":"publish","type":"post","link":"https:\/\/formalprision.com\/?p=9233","title":{"rendered":"Procurador se\u00f1ala que la torre de control no tiene reporte de la ca\u00edda"},"content":{"rendered":"<p>El procurador H\u00e9ctor Cabrera Rivero informa en su cuenta de Twitter que la  torre de control no tiene el reporte de ning\u00fan avi\u00f3n civil que haya aterrizado de emergencia.<br \/>Sin embargo, la b\u00fasqueda de la nave contin\u00faa en la costa hasta descartar que se trate de un falso aviso.<\/p>\n","protected":false},"excerpt":{"rendered":"<p>El procurador H\u00e9ctor Cabrera Rivero informa en su cuenta de Twitter que la torre de control no tiene el reporte de ning\u00fan avi\u00f3n civil que haya aterrizado de emergencia.Sin embargo,<\/p>\n","protected":false},"author":1,"featured_media":0,"comment_status":"open","ping_status":"open","sticky":false,"template":"","format":"standard","meta":{"jetpack_post_was_ever_published":false,"_jetpack_newsletter_access":"","_jetpack_dont_email_post_to_subs":false,"_jetpack_newsletter_tier_id":0,"_jetpack_memberships_contains_paywalled_content":false,"_jetpack_memberships_contains_paid_content":false,"footnotes":"","jetpack_publicize_message":"","jetpack_publicize_feature_enabled":true,"jetpack_social_post_already_shared":false,"jetpack_social_options":{"image_generator_settings":{"template":"highway","default_image_id":0,"font":"","enabled":false},"version":2}},"categories":[3,1],"tags":[],"class_list":["post-9233","post","type-post","status-publish","format-standard","hentry","category-portada","category-sin-categoria"],"jetpack_publicize_connections":[],"jetpack_featured_media_url":"","jetpack_sharing_enabled":true,"jetpack_shortlink":"https:\/\/wp.me\/p6id8p-2oV","_links":{"self":[{"href":"https:\/\/formalprision.com\/index.php?rest_route=\/wp\/v2\/posts\/9233","targetHints":{"allow":["GET"]}}],"collection":[{"href":"https:\/\/formalprision.com\/index.php?rest_route=\/wp\/v2\/posts"}],"about":[{"href":"https:\/\/formalprision.com\/index.php?rest_route=\/wp\/v2\/types\/post"}],"author":[{"embeddable":true,"href":"https:\/\/formalprision.com\/index.php?rest_route=\/wp\/v2\/users\/1"}],"replies":[{"embeddable":true,"href":"https:\/\/formalprision.com\/index.php?rest_route=%2Fwp%2Fv2%2Fcomments&post=9233"}],"version-history":[{"count":0,"href":"https:\/\/formalprision.com\/index.php?rest_route=\/wp\/v2\/posts\/9233\/revisions"}],"wp:attachment":[{"href":"https:\/\/formalprision.com\/index.php?rest_route=%2Fwp%2Fv2%2Fmedia&parent=9233"}],"wp:term":[{"taxonomy":"category","embeddable":true,"href":"https:\/\/formalprision.com\/index.php?rest_route=%2Fwp%2Fv2%2Fcategories&post=9233"},{"taxonomy":"post_tag","embeddable":true,"href":"https:\/\/formalprision.com\/index.php?rest_route=%2Fwp%2Fv2%2Ftags&post=9233"}],"curies":[{"name":"wp","href":"https:\/\/api.w.org\/{rel}","templated":true}]}}