{"id":9235,"date":"2010-10-01T18:31:00","date_gmt":"2010-10-01T18:31:00","guid":{"rendered":"http:\/\/formalprision.info\/2010\/10\/01\/identifican-al-asesinado-de-ayer-se\/"},"modified":"2015-06-03T09:00:38","modified_gmt":"2015-06-03T09:00:38","slug":"identifican-al-asesinado-de-ayer-se","status":"publish","type":"post","link":"https:\/\/formalprision.com\/?p=9235","title":{"rendered":"Identifican al asesinado de ayer: se trata del comerciante Armando Alvarez Vales"},"content":{"rendered":"<p><a href=\"http:\/\/1.bp.blogspot.com\/_QwiJz8zwaOw\/TKYS3iACtJI\/AAAAAAAABok\/oWDHpPYLw0c\/s1600\/mail%5B1%5D.jpg\"><img decoding=\"async\" id=\"BLOGGER_PHOTO_ID_5523122738245579922\" style=\"FLOAT: left; MARGIN: 0px 10px 10px 0px; WIDTH: 221px; CURSOR: hand; HEIGHT: 166px\" alt=\"\" src=\"http:\/\/formalprision.com\/wp-content\/uploads\/2010\/10\/mail1.jpg\" border=\"0\" \/><\/a><\/p>\n<div>El cad\u00e1ver hallado ayer en un camino de terracer\u00eda de Kanas\u00edn corresponde a quien en vida se llam\u00f3 Armando Alvarez Valez.<\/div>\n<p><\/p>\n<div>El era propietario de la \u00abLencer\u00eda Alvarez\u00bb, una tienda que se ubica en la esquina de las callles 60 y 65. en el centro de la capital yucateca.<\/div>\n<p><\/p>\n<div>La Polic\u00eda Judicial ya sabe m\u00e1s o menos porqu\u00e9 lo mataron, pero todav\u00eda no lo informa porque est\u00e1 tras el autor del crimen, toda vez que ta tienen detenido a un involucrado en los hechos.<\/div>\n<p><\/p>\n<div>Se manejan tres l\u00ednes de investigaci\u00f3n: la pasional, que es la m\u00e1s fuerte; una venganza de un comerciante como \u00e9l y la tercerce relacionada con el robo.<\/div>\n<p><\/p>\n<div>El cuerpo de Alvarez Vales, de aproximadamente 55 a\u00f1os, fue encontrado ayer en una brecha a 600 metros de la vera de la carretera M\u00e9rida Canc\u00fan.<\/div>\n","protected":false},"excerpt":{"rendered":"<p>El cad\u00e1ver hallado ayer en un camino de terracer\u00eda de Kanas\u00edn corresponde a quien en vida se llam\u00f3 Armando Alvarez Valez. El era propietario de la \u00abLencer\u00eda Alvarez\u00bb, una tienda<\/p>\n","protected":false},"author":1,"featured_media":28293,"comment_status":"open","ping_status":"open","sticky":false,"template":"","format":"standard","meta":{"jetpack_post_was_ever_published":false,"_jetpack_newsletter_access":"","_jetpack_dont_email_post_to_subs":false,"_jetpack_newsletter_tier_id":0,"_jetpack_memberships_contains_paywalled_content":false,"_jetpack_memberships_contains_paid_content":false,"footnotes":"","jetpack_publicize_message":"","jetpack_publicize_feature_enabled":true,"jetpack_social_post_already_shared":false,"jetpack_social_options":{"image_generator_settings":{"template":"highway","default_image_id":0,"font":"","enabled":false},"version":2}},"categories":[59,3,1],"tags":[],"class_list":["post-9235","post","type-post","status-publish","format-standard","has-post-thumbnail","hentry","category-asesinos","category-portada","category-sin-categoria"],"jetpack_publicize_connections":[],"jetpack_featured_media_url":"https:\/\/formalprision.com\/wp-content\/uploads\/2010\/10\/mail1.jpg","jetpack_sharing_enabled":true,"jetpack_shortlink":"https:\/\/wp.me\/p6id8p-2oX","_links":{"self":[{"href":"https:\/\/formalprision.com\/index.php?rest_route=\/wp\/v2\/posts\/9235","targetHints":{"allow":["GET"]}}],"collection":[{"href":"https:\/\/formalprision.com\/index.php?rest_route=\/wp\/v2\/posts"}],"about":[{"href":"https:\/\/formalprision.com\/index.php?rest_route=\/wp\/v2\/types\/post"}],"author":[{"embeddable":true,"href":"https:\/\/formalprision.com\/index.php?rest_route=\/wp\/v2\/users\/1"}],"replies":[{"embeddable":true,"href":"https:\/\/formalprision.com\/index.php?rest_route=%2Fwp%2Fv2%2Fcomments&post=9235"}],"version-history":[{"count":0,"href":"https:\/\/formalprision.com\/index.php?rest_route=\/wp\/v2\/posts\/9235\/revisions"}],"wp:featuredmedia":[{"embeddable":true,"href":"https:\/\/formalprision.com\/index.php?rest_route=\/wp\/v2\/media\/28293"}],"wp:attachment":[{"href":"https:\/\/formalprision.com\/index.php?rest_route=%2Fwp%2Fv2%2Fmedia&parent=9235"}],"wp:term":[{"taxonomy":"category","embeddable":true,"href":"https:\/\/formalprision.com\/index.php?rest_route=%2Fwp%2Fv2%2Fcategories&post=9235"},{"taxonomy":"post_tag","embeddable":true,"href":"https:\/\/formalprision.com\/index.php?rest_route=%2Fwp%2Fv2%2Ftags&post=9235"}],"curies":[{"name":"wp","href":"https:\/\/api.w.org\/{rel}","templated":true}]}}