{"id":92409,"date":"2021-10-01T17:41:27","date_gmt":"2021-10-01T22:41:27","guid":{"rendered":"http:\/\/formalprision.com\/?p=92409"},"modified":"2021-10-01T17:41:27","modified_gmt":"2021-10-01T22:41:27","slug":"refrenda-el-pan-a-cecilia-patron-en-la-comision-de-hacienda-del-congreso","status":"publish","type":"post","link":"https:\/\/formalprision.com\/?p=92409","title":{"rendered":"Refrenda el PAN a Cecilia Patr\u00f3n en la Comisi\u00f3n de Hacienda del Congreso"},"content":{"rendered":"\n<p>La diputada Cecilia Patr\u00f3n volver\u00e1 a integrar los trabajos legislativos de la Comisi\u00f3n de Hacienda, debido a los buenos resultados obtenidos en su defensa de la econom\u00eda familiar de las y los mexicanos.<\/p>\n\n\n\n<p>La legisladora yucateca se posicion\u00f3 en el reparto de comisiones en San L\u00e1zaro, con lo que recalca que Acci\u00f3n Nacional se consolida como la segunda fuerza en la C\u00e1mara de Diputados y en el pa\u00eds, al ser el Grupo Parlamentario que m\u00e1s comisiones gan\u00f3 con respecto de la legislatura anterior, al pasar de 7 a 12 comisiones.<\/p>\n\n\n\n<p>La virtual Secretaria General del Comit\u00e9 Ejecutivo Nacional del Partido Acci\u00f3n Nacional integrar\u00eda tambi\u00e9n la comisi\u00f3n de Medio Ambiente, y ocupar\u00eda la mesa directiva de la comisi\u00f3n de ni\u00f1as, ni\u00f1os y adolescentes.<\/p>\n\n\n\n<p>Al respecto, la diputada federal resalta que en las comisiones que ella podr\u00eda integrar trabajar\u00e1 fuertemente para generar mejores condiciones para las familias mexicanas y lograr salir de la crisis en la que se encuentra el pa\u00eds.<\/p>\n\n\n\n<p>\u201cSe deben entender los retos de la ciudadan\u00eda, el sentir de las familias para trabajar en pro de ellas\u201d expresa.<\/p>\n\n\n\n<p>Sobre su posible permanencia en la Comisi\u00f3n de Hacienda, comenta que de ser consumada la decisi\u00f3n \u201cluchar\u00e9 porque las y los mexicanos tengan mayores ingresos, y tambi\u00e9n por la generaci\u00f3n del empleo en favor de las familias mexicanas y yucatecas.\u201d<\/p>\n\n\n\n<p>Adem\u00e1s de la Comisi\u00f3n de Hacienda, la Diputada Cecilia Patr\u00f3n tambi\u00e9n es mencionada para integrar la Comisi\u00f3n de Derechos de la Ni\u00f1ez y la Adolescencia, en donde se posicion\u00f3 al respecto: \u201cPara m\u00ed trabajar por la ni\u00f1ez es una oportunidad para defender a ni\u00f1as, ni\u00f1os y adolescentes. Tengan por seguro que legislar\u00e9 a favor del beneficio de este importante sector.\u201d comenta.<\/p>\n\n\n\n<p>Tambi\u00e9n declara que, ante la crisis clim\u00e1tica, es necesario cambiar el rumbo de la pol\u00edtica ambiental en M\u00e9xico.<\/p>\n\n\n\n<p>&nbsp;\u201cHoy, m\u00e1s que nunca, debemos luchar por un M\u00e9xico con energ\u00edas limpias y renovables\u201d indica la diputada federal al hablar sobre su nombramiento como integrante de la Comisi\u00f3n de Medio Ambiente.<\/p>\n\n\n\n<p>De esta manera, la Diputada Cecilia Patr\u00f3n se compromete en su quehacer legislativo mediante las comisiones, a trabajar fuertemente por la econom\u00eda, los derechos de ni\u00f1as, ni\u00f1os y adolescentes y el medio ambiente.<\/p>\n\n\n\n<p>\u201cM\u00e9xico hoy m\u00e1s que nunca necesita el apoyo de sus representantes para salir adelante.\u201d; finaliz\u00f3 la Diputada, quien este s\u00e1bado ser\u00eda oficialmente nombrada Secretaria General del PAN de la mano con Marko Cortez, quien ser\u00eda ratificado en el cargo para presidir juntos la directiva del Partido, con miras a las elecciones presidenciales de 2024.<\/p>\n","protected":false},"excerpt":{"rendered":"<p>La diputada Cecilia Patr\u00f3n volver\u00e1 a integrar los trabajos legislativos de la Comisi\u00f3n de Hacienda, debido a los buenos resultados obtenidos en su defensa de la econom\u00eda familiar de las<\/p>\n","protected":false},"author":1,"featured_media":92410,"comment_status":"open","ping_status":"open","sticky":false,"template":"","format":"standard","meta":{"jetpack_post_was_ever_published":false,"_jetpack_newsletter_access":"","_jetpack_dont_email_post_to_subs":false,"_jetpack_newsletter_tier_id":0,"_jetpack_memberships_contains_paywalled_content":false,"_jetpack_memberships_contains_paid_content":false,"footnotes":"","jetpack_publicize_message":"","jetpack_publicize_feature_enabled":true,"jetpack_social_post_already_shared":true,"jetpack_social_options":{"image_generator_settings":{"template":"highway","default_image_id":0,"font":"","enabled":false},"version":2}},"categories":[17],"tags":[],"class_list":["post-92409","post","type-post","status-publish","format-standard","has-post-thumbnail","hentry","category-politica-y-gobierno"],"jetpack_publicize_connections":[],"jetpack_featured_media_url":"https:\/\/formalprision.com\/wp-content\/uploads\/2021\/10\/21SEP-CPL-3.jpeg","jetpack_sharing_enabled":true,"jetpack_shortlink":"https:\/\/wp.me\/p6id8p-o2t","_links":{"self":[{"href":"https:\/\/formalprision.com\/index.php?rest_route=\/wp\/v2\/posts\/92409","targetHints":{"allow":["GET"]}}],"collection":[{"href":"https:\/\/formalprision.com\/index.php?rest_route=\/wp\/v2\/posts"}],"about":[{"href":"https:\/\/formalprision.com\/index.php?rest_route=\/wp\/v2\/types\/post"}],"author":[{"embeddable":true,"href":"https:\/\/formalprision.com\/index.php?rest_route=\/wp\/v2\/users\/1"}],"replies":[{"embeddable":true,"href":"https:\/\/formalprision.com\/index.php?rest_route=%2Fwp%2Fv2%2Fcomments&post=92409"}],"version-history":[{"count":0,"href":"https:\/\/formalprision.com\/index.php?rest_route=\/wp\/v2\/posts\/92409\/revisions"}],"wp:featuredmedia":[{"embeddable":true,"href":"https:\/\/formalprision.com\/index.php?rest_route=\/wp\/v2\/media\/92410"}],"wp:attachment":[{"href":"https:\/\/formalprision.com\/index.php?rest_route=%2Fwp%2Fv2%2Fmedia&parent=92409"}],"wp:term":[{"taxonomy":"category","embeddable":true,"href":"https:\/\/formalprision.com\/index.php?rest_route=%2Fwp%2Fv2%2Fcategories&post=92409"},{"taxonomy":"post_tag","embeddable":true,"href":"https:\/\/formalprision.com\/index.php?rest_route=%2Fwp%2Fv2%2Ftags&post=92409"}],"curies":[{"name":"wp","href":"https:\/\/api.w.org\/{rel}","templated":true}]}}