{"id":92412,"date":"2021-10-01T18:27:40","date_gmt":"2021-10-01T23:27:40","guid":{"rendered":"http:\/\/formalprision.com\/?p=92412"},"modified":"2021-10-02T20:21:25","modified_gmt":"2021-10-03T01:21:25","slug":"ya-son-mas-de-71-mil-contagios-de-covid-19-en-yucatan","status":"publish","type":"post","link":"https:\/\/formalprision.com\/?p=92412","title":{"rendered":"Ya son m\u00e1s de 71 mil contagios de Covid-19 en Yucat\u00e1n"},"content":{"rendered":"\n<p>La Secretar\u00eda de Salud informa que hoy 1 de octubre se registraron 15 fallecidos por Covid-19 en Yucat\u00e1n.<\/p>\n\n\n\n<p>La dependencia indica que tambi\u00e9n se reportaron 228 pacientes en hospitales p\u00fablicos y 227 nuevos contagios de coronavirus en el estado.<\/p>\n\n\n\n<p>Hasta ahora ya suman 71,026contagios desde que lleg\u00f3 al estado la pandemia de coronavirus, el 13 de marzo de 2020.<\/p>\n\n\n\n<p>Tambi\u00e9n ya son 62,369 pacientes recuperados y 5,984 fallecidos.<\/p>\n\n\n\n<p>Hoy se reportaron las defunciones de una adolescente de 17 a\u00f1os y una joven de 25, ambas de M\u00e9rida y con inmunosupresi\u00f3n.<\/p>\n\n\n\n<p>Este es el parte m\u00e9dico de este viernes 1 de octubre:<\/p>\n\n\n\n<p>Como se ha se\u00f1alado, en la reapertura econ\u00f3mica los datos m\u00e1s importantes son la ocupaci\u00f3n hospitalaria y los ingresos diarios. El d\u00eda de hoy tenemos 228 pacientes en hospitales p\u00fablicos.<\/p>\n\n\n\n<p>62,369 pacientes ya se recuperaron: no presentan s\u00edntomas ni pueden contagiar. Esta cifra representa el 87% del total de contagios registrados, que es 71,026.<\/p>\n\n\n\n<p>Hoy se detectaron 227 nuevos contagios de Coronavirus.<\/p>\n\n\n\n<p>162 en M\u00e9rida,<\/p>\n\n\n\n<p>10 en Progreso,<\/p>\n\n\n\n<p>9 en Kanas\u00edn,<\/p>\n\n\n\n<p>8 en Tizim\u00edn y Um\u00e1n,<\/p>\n\n\n\n<p>7 en Ticul,<\/p>\n\n\n\n<p>4 en Motul,<\/p>\n\n\n\n<p>3 en Hunucm\u00e1 y Tekax,<\/p>\n\n\n\n<p>2 en Acanceh y Teabo,<\/p>\n\n\n\n<p>2 for\u00e1neos<\/p>\n\n\n\n<p>1 en Akil, Cansahcab, Cuncunul, Kinchil, Opich\u00e9n, R\u00edo Lagartos y Sucil\u00e1.<\/p>\n\n\n\n<p>De los 71,026 casos positivos, 574 son de otro pa\u00eds u otro estado.<\/p>\n\n\n\n<figure class=\"wp-block-image size-large\"><a href=\"http:\/\/formalprision.com\/wp-content\/uploads\/2021\/10\/IMG_20211001_181826_192.jpg\"><img loading=\"lazy\" decoding=\"async\" width=\"1024\" height=\"729\" src=\"http:\/\/formalprision.com\/wp-content\/uploads\/2021\/10\/IMG_20211001_181826_192-1024x729.jpg\" alt=\"\" class=\"wp-image-92415\" srcset=\"https:\/\/formalprision.com\/wp-content\/uploads\/2021\/10\/IMG_20211001_181826_192-1024x729.jpg 1024w, https:\/\/formalprision.com\/wp-content\/uploads\/2021\/10\/IMG_20211001_181826_192-300x214.jpg 300w, https:\/\/formalprision.com\/wp-content\/uploads\/2021\/10\/IMG_20211001_181826_192-768x547.jpg 768w, https:\/\/formalprision.com\/wp-content\/uploads\/2021\/10\/IMG_20211001_181826_192.jpg 1280w\" sizes=\"auto, (max-width: 1024px) 100vw, 1024px\" \/><\/a><\/figure>\n\n\n\n<p>LOS MUNICIPIOS DE YUCAT\u00c1N CON MAYOR N\u00daMERO DE PERSONAS CONTAGIADAS SON (casos acumulados al 30 de septiembre):<\/p>\n\n\n\n<p>M\u00e9rida, 42,410<\/p>\n\n\n\n<p>Valladolid, 3,829<\/p>\n\n\n\n<p>Kanas\u00edn, 2,787<\/p>\n\n\n\n<p>Tizim\u00edn, 1,919<\/p>\n\n\n\n<p>Progreso, 1,854<\/p>\n\n\n\n<p>Um\u00e1n, 1,811<\/p>\n\n\n\n<p>Ticul, 1,675<\/p>\n\n\n\n<p>Hunucm\u00e1, 946<\/p>\n\n\n\n<p>Tekax, 937<\/p>\n\n\n\n<p>Motul, 843<\/p>\n\n\n\n<p>Maxcan\u00fa, 613<\/p>\n\n\n\n<p>Izamal, 585<\/p>\n\n\n\n<p>Acanceh, 466<\/p>\n\n\n\n<p>Peto, 394<\/p>\n\n\n\n<p>Tixkokob, 349<\/p>\n\n\n\n<p>Conkal, 338<\/p>\n\n\n\n<p>Temoz\u00f3n, 332<\/p>\n\n\n\n<p>Oxkutzcab, 325<\/p>\n\n\n\n<p>Chemax, 305<\/p>\n\n\n\n<p>Tinum, 263.<\/p>\n\n\n\n<p>LAS COLONIAS DE M\u00c9RIDA CON MAYOR N\u00daMERO DE PERSONAS CONTAGIADAS SON (casos diagnosticados en los \u00faltimos 14 d\u00edas):<\/p>\n\n\n\n<p>Centro, 91<\/p>\n\n\n\n<p>Juan Pablo II, 90<\/p>\n\n\n\n<p>Ciudad Caucel, 56<\/p>\n\n\n\n<p>Chuburn\u00e1 de Hidalgo, 44<\/p>\n\n\n\n<p>Francisco de Montejo, 37<\/p>\n\n\n\n<p>Mulsay, 20<\/p>\n\n\n\n<p>Pacabt\u00fan y Yucalpet\u00e9n, 16<\/p>\n\n\n\n<p>Fraccionamiento del Parque, 14<\/p>\n\n\n\n<p>Boj\u00f3rquez, 13<\/p>\n\n\n\n<p>Tixcacal Opich\u00e9n y Unidad Morelos, 12<\/p>\n\n\n\n<p>Emilio Portes Gil y Las Am\u00e9ricas, 11<\/p>\n\n\n\n<p>Bosques del Poniente, Paseos de Itzincab, San Jos\u00e9 Tecoh, Serapio Rend\u00f3n y Vergel III, 10<\/p>\n\n\n\n<p>Castilla C\u00e1mara, 9.<\/p>\n\n\n\n<p>LOS MUNICIPIOS DE YUCAT\u00c1N CON MAYOR N\u00daMERO DE CASOS DIAGNOSTICADOS EN LOS \u00daLTIMOS 14 D\u00cdAS SON:<\/p>\n\n\n\n<p>M\u00e9rida, 1,631<\/p>\n\n\n\n<p>Kanas\u00edn, 90<\/p>\n\n\n\n<p>Ticul, 56<\/p>\n\n\n\n<p>Um\u00e1n, 51<\/p>\n\n\n\n<p>Progreso, 49<\/p>\n\n\n\n<p>Valladolid, 46<\/p>\n\n\n\n<p>Tizim\u00edn, 40<\/p>\n\n\n\n<p>Hunucm\u00e1, 36<\/p>\n\n\n\n<p>Motul, 30<\/p>\n\n\n\n<p>Maxcan\u00fa, 24<\/p>\n\n\n\n<p>Izamal y Tekax, 18<\/p>\n\n\n\n<p>Conkal, 16<\/p>\n\n\n\n<p>Sucil\u00e1, 14<\/p>\n\n\n\n<p>Acanceh, Oxkutzcab y Tixkokob, 11<\/p>\n\n\n\n<p>Peto, 8<\/p>\n\n\n\n<p>Kinchil, 7<\/p>\n\n\n\n<p>Cuncunul, 6.<\/p>\n\n\n\n<p>LOS MUNICIPIOS DE YUCAT\u00c1N CON MAYOR N\u00daMERO DE DEFUNCIONES AL D\u00cdA 30 DE SEPTIEMBRE DE 2021 SON:<\/p>\n\n\n\n<p>M\u00e9rida, 2,949<\/p>\n\n\n\n<p>Valladolid, 254<\/p>\n\n\n\n<p>Um\u00e1n, 144<\/p>\n\n\n\n<p>Kanas\u00edn, 143<\/p>\n\n\n\n<p>Tizim\u00edn, 126<\/p>\n\n\n\n<p>Motul, 109<\/p>\n\n\n\n<p>Progreso, 105<\/p>\n\n\n\n<p>Ticul, 99<\/p>\n\n\n\n<p>Izamal, 77<\/p>\n\n\n\n<p>Hunucm\u00e1, 64<\/p>\n\n\n\n<p>Maxcan\u00fa, 55<\/p>\n\n\n\n<p>Acanceh, 54<\/p>\n\n\n\n<p>Oxkutzcab, 52<\/p>\n\n\n\n<p>Temoz\u00f3n, 44<\/p>\n\n\n\n<p>Tekax, 43<\/p>\n\n\n\n<p>Chemax y Muna, 35<\/p>\n\n\n\n<p>Conkal, 34<\/p>\n\n\n\n<p>Tecoh y Tixkokob, 32.<\/p>\n\n\n\n<p>Espec\u00edficamente, en M\u00e9rida se han diagnosticado 42,410 personas contagiadas de Coronavirus (casos acumulados al 30 de septiembre), que viven en:<\/p>\n\n\n\n<p>11,155 en la zona Norte<\/p>\n\n\n\n<p>10,737 en la zona Oriente<\/p>\n\n\n\n<p>3,985 en la zona Centro<\/p>\n\n\n\n<p>6,390 en la zona Sur<\/p>\n\n\n\n<p>10,143 en la zona Poniente<\/p>\n\n\n\n<figure class=\"wp-block-image size-large\"><a href=\"http:\/\/formalprision.com\/wp-content\/uploads\/2021\/10\/IMG_20211001_181816_668.jpg\"><img loading=\"lazy\" decoding=\"async\" width=\"1024\" height=\"691\" src=\"http:\/\/formalprision.com\/wp-content\/uploads\/2021\/10\/IMG_20211001_181816_668-1024x691.jpg\" alt=\"\" class=\"wp-image-92416\" srcset=\"https:\/\/formalprision.com\/wp-content\/uploads\/2021\/10\/IMG_20211001_181816_668-1024x691.jpg 1024w, https:\/\/formalprision.com\/wp-content\/uploads\/2021\/10\/IMG_20211001_181816_668-300x203.jpg 300w, https:\/\/formalprision.com\/wp-content\/uploads\/2021\/10\/IMG_20211001_181816_668-768x518.jpg 768w, https:\/\/formalprision.com\/wp-content\/uploads\/2021\/10\/IMG_20211001_181816_668.jpg 1280w\" sizes=\"auto, (max-width: 1024px) 100vw, 1024px\" \/><\/a><\/figure>\n\n\n\n<p>Lamentablemente, en este parte m\u00e9dico informamos de 15 fallecimientos:<\/p>\n\n\n\n<p>1.- Femenino 17 a\u00f1os de M\u00e9rida &nbsp;&nbsp;&nbsp;&nbsp;&nbsp;&nbsp;&nbsp;&nbsp;&nbsp;&nbsp;&nbsp;&nbsp;&nbsp;&nbsp;&nbsp;&nbsp;&nbsp;&nbsp;&nbsp;&nbsp;&nbsp;&nbsp;&nbsp;&nbsp;&nbsp;&nbsp;&nbsp;&nbsp;&nbsp;&nbsp;&nbsp;&nbsp;&nbsp;&nbsp;&nbsp;&nbsp;&nbsp;&nbsp;&nbsp;&nbsp;&nbsp;&nbsp;&nbsp;&nbsp;&nbsp;&nbsp; Inmunosupresi\u00f3n<\/p>\n\n\n\n<p>2.- Femenino 75 a\u00f1os de Cansahcab &nbsp;&nbsp;&nbsp;&nbsp;&nbsp;&nbsp;&nbsp;&nbsp;&nbsp;&nbsp;&nbsp;&nbsp;&nbsp;&nbsp;&nbsp;&nbsp;&nbsp;&nbsp;&nbsp;&nbsp;&nbsp;&nbsp;&nbsp;&nbsp;&nbsp;&nbsp; Sin comorbilidades<\/p>\n\n\n\n<p>3.- Masculino 36 a\u00f1os de M\u00e9rida &nbsp;&nbsp;&nbsp;&nbsp;&nbsp;&nbsp;&nbsp;&nbsp;&nbsp;&nbsp;&nbsp;&nbsp;&nbsp;&nbsp;&nbsp;&nbsp;&nbsp;&nbsp;&nbsp;&nbsp;&nbsp;&nbsp;&nbsp;&nbsp;&nbsp;&nbsp;&nbsp;&nbsp;&nbsp;&nbsp;&nbsp;&nbsp;&nbsp;&nbsp; HAS\/IRC<\/p>\n\n\n\n<p>4.- Masculino 71 a\u00f1os de M\u00e9rida &nbsp;&nbsp;&nbsp;&nbsp;&nbsp;&nbsp;&nbsp;&nbsp;&nbsp;&nbsp;&nbsp;&nbsp;&nbsp;&nbsp;&nbsp;&nbsp;&nbsp;&nbsp;&nbsp;&nbsp;&nbsp;&nbsp;&nbsp;&nbsp;&nbsp;&nbsp;&nbsp;&nbsp;&nbsp;&nbsp;&nbsp;&nbsp;&nbsp;&nbsp; HAS\/Obesidad<\/p>\n\n\n\n<p>5.- Femenino 57 a\u00f1os de M\u00e9rida &nbsp;&nbsp;&nbsp;&nbsp;&nbsp;&nbsp;&nbsp;&nbsp;&nbsp;&nbsp;&nbsp;&nbsp;&nbsp;&nbsp;&nbsp;&nbsp;&nbsp;&nbsp;&nbsp;&nbsp;&nbsp;&nbsp;&nbsp;&nbsp;&nbsp;&nbsp;&nbsp;&nbsp;&nbsp;&nbsp;&nbsp;&nbsp;&nbsp;&nbsp;&nbsp;&nbsp;&nbsp;&nbsp;&nbsp;&nbsp;&nbsp;&nbsp;&nbsp;&nbsp;&nbsp;&nbsp; Obesidad<\/p>\n\n\n\n<p>6.- Femenino 64 a\u00f1os de M\u00e9rida &nbsp;&nbsp;&nbsp;&nbsp;&nbsp;&nbsp;&nbsp;&nbsp;&nbsp;&nbsp;&nbsp;&nbsp;&nbsp;&nbsp;&nbsp;&nbsp;&nbsp;&nbsp;&nbsp;&nbsp;&nbsp;&nbsp;&nbsp;&nbsp;&nbsp;&nbsp;&nbsp;&nbsp;&nbsp;&nbsp;&nbsp;&nbsp;&nbsp;&nbsp;&nbsp;&nbsp;&nbsp;&nbsp;&nbsp;&nbsp;&nbsp;&nbsp;&nbsp;&nbsp;&nbsp;&nbsp; Sin comorbilidades<\/p>\n\n\n\n<p>7.- Masculino 83 a\u00f1os de M\u00e9rida &nbsp;&nbsp;&nbsp;&nbsp;&nbsp;&nbsp;&nbsp;&nbsp;&nbsp;&nbsp;&nbsp;&nbsp;&nbsp;&nbsp;&nbsp;&nbsp;&nbsp;&nbsp;&nbsp;&nbsp;&nbsp;&nbsp;&nbsp;&nbsp;&nbsp;&nbsp;&nbsp;&nbsp;&nbsp;&nbsp;&nbsp;&nbsp;&nbsp;&nbsp; Sin comorbilidades<\/p>\n\n\n\n<p>8.- Femenino 25 a\u00f1os de M\u00e9rida &nbsp;&nbsp;&nbsp;&nbsp;&nbsp;&nbsp;&nbsp;&nbsp;&nbsp;&nbsp;&nbsp;&nbsp;&nbsp;&nbsp;&nbsp;&nbsp;&nbsp;&nbsp;&nbsp;&nbsp;&nbsp;&nbsp;&nbsp;&nbsp;&nbsp;&nbsp;&nbsp;&nbsp;&nbsp;&nbsp;&nbsp;&nbsp;&nbsp;&nbsp;&nbsp;&nbsp;&nbsp;&nbsp;&nbsp;&nbsp;&nbsp;&nbsp;&nbsp;&nbsp;&nbsp;&nbsp; Inmunosupresi\u00f3n<\/p>\n\n\n\n<p>9.- Masculino 63 a\u00f1os de M\u00e9rida &nbsp;&nbsp;&nbsp;&nbsp;&nbsp;&nbsp;&nbsp;&nbsp;&nbsp;&nbsp;&nbsp;&nbsp;&nbsp;&nbsp;&nbsp;&nbsp;&nbsp;&nbsp;&nbsp;&nbsp;&nbsp;&nbsp;&nbsp;&nbsp;&nbsp;&nbsp;&nbsp;&nbsp;&nbsp;&nbsp;&nbsp;&nbsp;&nbsp;&nbsp; Sin comorbilidades<\/p>\n\n\n\n<p>10.- Femenino 83 a\u00f1os de M\u00e9rida &nbsp;&nbsp;&nbsp;&nbsp;&nbsp;&nbsp;&nbsp;&nbsp;&nbsp;&nbsp;&nbsp;&nbsp;&nbsp;&nbsp;&nbsp;&nbsp;&nbsp;&nbsp;&nbsp;&nbsp;&nbsp;&nbsp;&nbsp;&nbsp;&nbsp;&nbsp;&nbsp;&nbsp;&nbsp;&nbsp;&nbsp;&nbsp; Inmunosupresi\u00f3n<\/p>\n\n\n\n<p>11.- Femenino 83 a\u00f1os de Hunucm\u00e1 &nbsp;&nbsp;&nbsp;&nbsp;&nbsp;&nbsp;&nbsp;&nbsp;&nbsp;&nbsp;&nbsp;&nbsp;&nbsp;&nbsp;&nbsp;&nbsp;&nbsp;&nbsp;&nbsp;&nbsp;&nbsp;&nbsp;&nbsp;&nbsp;&nbsp;&nbsp;&nbsp; EPOC\/HAS\/Obesidad<\/p>\n\n\n\n<p>12.- Masculino 64 a\u00f1os de M\u00e9rida &nbsp;&nbsp;&nbsp;&nbsp;&nbsp;&nbsp;&nbsp;&nbsp;&nbsp;&nbsp;&nbsp;&nbsp;&nbsp;&nbsp;&nbsp;&nbsp;&nbsp;&nbsp;&nbsp;&nbsp;&nbsp;&nbsp;&nbsp;&nbsp;&nbsp;&nbsp;&nbsp;&nbsp;&nbsp;&nbsp;&nbsp;&nbsp; DM\/Enfermedad cardiovascular\/HAS\/Obesidad<\/p>\n\n\n\n<p>13.- Masculino 70 a\u00f1os de M\u00e9rida &nbsp;&nbsp;&nbsp;&nbsp;&nbsp;&nbsp;&nbsp;&nbsp;&nbsp;&nbsp;&nbsp;&nbsp;&nbsp;&nbsp;&nbsp;&nbsp;&nbsp;&nbsp;&nbsp;&nbsp;&nbsp;&nbsp;&nbsp;&nbsp;&nbsp;&nbsp;&nbsp;&nbsp;&nbsp;&nbsp;&nbsp;&nbsp; Sin comorbilidades<\/p>\n\n\n\n<p>14.- Femenino 67 a\u00f1os de M\u00e9rida&nbsp;&nbsp;&nbsp;&nbsp;&nbsp;&nbsp;&nbsp;&nbsp;&nbsp;&nbsp;&nbsp;&nbsp;&nbsp;&nbsp;&nbsp;&nbsp;&nbsp;&nbsp;&nbsp;&nbsp;&nbsp;&nbsp;&nbsp;&nbsp;&nbsp;&nbsp;&nbsp;&nbsp;&nbsp;&nbsp;&nbsp;&nbsp;&nbsp; DM\/HAS<\/p>\n\n\n\n<p>15.- Femenino 60 a\u00f1os de M\u00e9rida &nbsp;&nbsp;&nbsp;&nbsp;&nbsp;&nbsp;&nbsp;&nbsp;&nbsp;&nbsp;&nbsp;&nbsp;&nbsp;&nbsp;&nbsp;&nbsp;&nbsp;&nbsp;&nbsp;&nbsp; &nbsp;&nbsp;&nbsp;&nbsp;&nbsp;&nbsp;&nbsp;&nbsp;&nbsp;&nbsp;&nbsp; HAS<\/p>\n\n\n\n<p>Siglas: HIPERTENSI\u00d3N ARTERIAL SIST\u00c9MICA (HAS), DIABETES MELLITUS (DM) e INSUFICIENCIA RENAL CR\u00d3NICA (IRC).<\/p>\n\n\n\n<p>En total, son 5,984 las personas fallecidas a causa del Coronavirus.<\/p>\n\n\n\n<p>De los casos activos, 2,445 est\u00e1n estables, aislados, monitoreados por personal m\u00e9dico de la SSY; presentan s\u00edntomas leves.<\/p>\n\n\n\n<p>Como ya se mencion\u00f3, 228 de los casos positivos est\u00e1n en hospitales p\u00fablicos y en aislamiento total. Hay otros pacientes a la espera de diagn\u00f3stico.<\/p>\n\n\n\n<p>El rango de edad de los casos es de 1 mes a 107 a\u00f1os.<\/p>\n\n\n\n<p>LOS INDICADORES SEMANALES DEL SEM\u00c1FORO ESTATAL DE SALUD MARCAN COLOR NARANJA.<\/p>\n","protected":false},"excerpt":{"rendered":"<p>La Secretar\u00eda de Salud informa que hoy 1 de octubre se registraron 15 fallecidos por Covid-19 en Yucat\u00e1n. La dependencia indica que tambi\u00e9n se reportaron 228 pacientes en hospitales p\u00fablicos<\/p>\n","protected":false},"author":2,"featured_media":92414,"comment_status":"open","ping_status":"open","sticky":false,"template":"","format":"standard","meta":{"jetpack_post_was_ever_published":false,"_jetpack_newsletter_access":"","_jetpack_dont_email_post_to_subs":false,"_jetpack_newsletter_tier_id":0,"_jetpack_memberships_contains_paywalled_content":false,"_jetpack_memberships_contains_paid_content":false,"footnotes":"","jetpack_publicize_message":"Hoy se reportan 228 pacientes en hospitales p\u00fablicos, 15 fallecidos y 227 nuevos contagios de Covid-19 en Yucat\u00e1n.","jetpack_publicize_feature_enabled":true,"jetpack_social_post_already_shared":true,"jetpack_social_options":{"image_generator_settings":{"template":"highway","default_image_id":0,"font":"","enabled":false},"version":2}},"categories":[54],"tags":[],"class_list":["post-92412","post","type-post","status-publish","format-standard","has-post-thumbnail","hentry","category-yucatan"],"jetpack_publicize_connections":[],"jetpack_featured_media_url":"https:\/\/formalprision.com\/wp-content\/uploads\/2021\/10\/covitest.jpg","jetpack_sharing_enabled":true,"jetpack_shortlink":"https:\/\/wp.me\/p6id8p-o2w","_links":{"self":[{"href":"https:\/\/formalprision.com\/index.php?rest_route=\/wp\/v2\/posts\/92412","targetHints":{"allow":["GET"]}}],"collection":[{"href":"https:\/\/formalprision.com\/index.php?rest_route=\/wp\/v2\/posts"}],"about":[{"href":"https:\/\/formalprision.com\/index.php?rest_route=\/wp\/v2\/types\/post"}],"author":[{"embeddable":true,"href":"https:\/\/formalprision.com\/index.php?rest_route=\/wp\/v2\/users\/2"}],"replies":[{"embeddable":true,"href":"https:\/\/formalprision.com\/index.php?rest_route=%2Fwp%2Fv2%2Fcomments&post=92412"}],"version-history":[{"count":0,"href":"https:\/\/formalprision.com\/index.php?rest_route=\/wp\/v2\/posts\/92412\/revisions"}],"wp:featuredmedia":[{"embeddable":true,"href":"https:\/\/formalprision.com\/index.php?rest_route=\/wp\/v2\/media\/92414"}],"wp:attachment":[{"href":"https:\/\/formalprision.com\/index.php?rest_route=%2Fwp%2Fv2%2Fmedia&parent=92412"}],"wp:term":[{"taxonomy":"category","embeddable":true,"href":"https:\/\/formalprision.com\/index.php?rest_route=%2Fwp%2Fv2%2Fcategories&post=92412"},{"taxonomy":"post_tag","embeddable":true,"href":"https:\/\/formalprision.com\/index.php?rest_route=%2Fwp%2Fv2%2Ftags&post=92412"}],"curies":[{"name":"wp","href":"https:\/\/api.w.org\/{rel}","templated":true}]}}