{"id":92424,"date":"2021-10-02T07:36:53","date_gmt":"2021-10-02T12:36:53","guid":{"rendered":"http:\/\/formalprision.com\/?p=92424"},"modified":"2021-10-02T07:36:53","modified_gmt":"2021-10-02T12:36:53","slug":"gobierno-del-estado-apoyara-para-incrementar-camas-personal-y-equipamiento-del-hospital-de-alta-especialidad","status":"publish","type":"post","link":"https:\/\/formalprision.com\/?p=92424","title":{"rendered":"Gobierno del Estado apoyar\u00e1 para incrementar camas, personal y equipamiento del Hospital de Alta Especialidad"},"content":{"rendered":"\n<p>M\u00e9rida, Yucat\u00e1n, 1 de octubre de 2021.- El Gobierno del Estado apoyar\u00e1 para incrementar el n\u00famero de camas, personal y equipamiento del Hospital Regional de Alta Especialidad de la Pen\u00ednsula de Yucat\u00e1n (HRAEPY) del Gobierno federal, acci\u00f3n que permitir\u00e1 deshabilitar el hospital temporal del Centro de Convenciones y Exposiciones Yucat\u00e1n Siglo XXI, que lleva 11 meses sin tener la necesidad de ser utilizado.<\/p>\n\n\n\n<p>El Gobierno estatal reiter\u00f3 que una parte importante de las camas, junto con personal y equipamiento, que se instalaron en este nosocomio temporal se trasladar\u00e1n al HRAEPY y las restantes se conservar\u00e1n como medida de prevenci\u00f3n ante cualquier contingencia futura.<\/p>\n\n\n\n<p>Asimismo, el Gobierno del Estado indic\u00f3 que el Hospital Provisional de Valladolid seguir\u00e1 funcionando con normalidad en este municipio del oriente del estado para continuar ofreciendo atenci\u00f3n m\u00e9dica a personas con Coronavirus y fortalecer los servicios de salud en esa zona del territorio estatal.<\/p>\n\n\n\n<p>El Gobierno estatal inform\u00f3 que esta determinaci\u00f3n de apoyar al HRAEPY y deshabilitar el hospital temporal del Siglo XXI se tom\u00f3 con base en un an\u00e1lisis de datos, el cual cuenta con el aval del Comit\u00e9 de Expertos en Salud P\u00fablica, cuyo corte es al d\u00eda 30 de septiembre del 2021 y en donde se destacan los siguientes puntos:<\/p>\n\n\n\n<p>1.- La transmisi\u00f3n del Covid-19 presenta un comportamiento estable al tener un promedio semanal de 2,590 casos activos en las \u00faltimas 6 semanas.<\/p>\n\n\n\n<p>2.- El promedio de ocupaci\u00f3n hospitalaria para casos de Coronavirus es de 263 hospitalizados en las \u00faltimas 6 semanas con una tendencia descendente acentuada en las \u00faltimas 2 semanas. Al d\u00eda de hoy, tenemos una ocupaci\u00f3n hospitalaria de 238 pacientes en los hospitales p\u00fablicos en M\u00e9rida y al interior del estado.<\/p>\n\n\n\n<p>3.- En el avance de la vacunaci\u00f3n contra el Coronavirus, con corte al d\u00eda 29 de septiembre, tenemos un total de 2 millones 347 mil 535 dosis aplicadas, lo que representa que 1.4 millones de habitantes cuentan con al menos una dosis efectiva y en mayores de 40 a\u00f1os ya cuentan con esquema completo de vacunaci\u00f3n.<\/p>\n\n\n\n<p>4.- El hospital temporal del Centro de Convenciones y Exposiciones Siglo XXI atendi\u00f3 un total de 415 pacientes durante el pico m\u00e1ximo de la pandemia. Su \u00faltimo paciente egres\u00f3 el 29 de octubre del 2020, por lo que lleva 11 meses sin tener la necesidad de ser habilitado, lo anterior como resultado del esfuerzo de la sociedad con el cumplimiento de las medidas de protecci\u00f3n.<\/p>\n\n\n\n<p>Hay que recordar que el Gobierno del Estado implement\u00f3 la habilitaci\u00f3n de este nosocomio temporal para atender a pacientes con Coronavirus que se encontraban en etapa de convalecencia y proven\u00edan de hospitales del Gobierno federal, como de los Institutos Mexicano del Seguro Social (IMSS) y de Seguridad Social y Servicios de los Trabajadores del Estado (Issste), as\u00ed como del Hospital Regional de Alta Especialidad de la Pen\u00ednsula de Yucat\u00e1n (HRAEPY) y del hospital estatal \u201cDr. Agust\u00edn O\u00b4Hor\u00e1n\u201d, con el prop\u00f3sito de liberar camas en estos lugares que, en ese momento, se encontraban con una alta ocupaci\u00f3n y as\u00ed seguir atendiendo a gente que acuda a ellos en estado grave.<\/p>\n\n\n\n<p>En el hospital temporal se dispuso de 490 camas. Es importante recordar que, para ello, se instalaron 52 camas con tomas de ox\u00edgeno para pacientes que requirieran de cuidados cr\u00edticos, 123 camas para cuidados intermedios y 315 para cuidados m\u00ednimos.<\/p>\n\n\n\n<p>Como parte del acondicionamiento que efectu\u00f3 el Gobierno estatal en este hospital temporal, se habilitaron instalaciones con conexi\u00f3n de ox\u00edgeno medicinal, e incluso se dispuso de tanques port\u00e1tiles de este vital gas, para otorgar atenci\u00f3n a pacientes no graves que solamente requieran este elemento en mascarilla o puntas nasales.<\/p>\n\n\n\n<p>De igual forma, todas las camas instaladas en el recinto contaron en todo momento con personal de salud asignado y con el equipo, material m\u00e9dico, medidas de seguridad y de higiene necesarios para cumplir con los protocolos de atenci\u00f3n.<\/p>\n\n\n\n<p>Para el correcto funcionamiento de este hospital temporal, se realiz\u00f3 la instalaci\u00f3n de los sistemas de gases medicinales, el\u00e9ctrico, hidr\u00e1ulico, sanitario y en la red de voz y datos, adem\u00e1s de zonas de toma de muestras, consultorios, trabajo social, admisi\u00f3n, incluso \u00e1reas de descanso para el personal.<\/p>\n\n\n\n<p>Cabe resaltar que, en un gran esfuerzo por parte del Gobierno estatal, este nosocomio temporal se comenz\u00f3 a armar en los primeros d\u00edas de mayo de 2020 y el 13 de julio de ese mismo a\u00f1o inici\u00f3 operaciones al recibir al primer paciente. Como ya se mencion\u00f3, su \u00faltimo paciente egres\u00f3 el 29 de octubre del 2020.<\/p>\n\n\n\n<p>De esta manera, el Gobierno del Estado refuerza el equipamiento de todos los hospitales p\u00fablicos del estado, sin importar si es una dependencia federal o estatal.<\/p>\n","protected":false},"excerpt":{"rendered":"<p>M\u00e9rida, Yucat\u00e1n, 1 de octubre de 2021.- El Gobierno del Estado apoyar\u00e1 para incrementar el n\u00famero de camas, personal y equipamiento del Hospital Regional de Alta Especialidad de la Pen\u00ednsula<\/p>\n","protected":false},"author":1,"featured_media":92425,"comment_status":"open","ping_status":"open","sticky":false,"template":"","format":"standard","meta":{"jetpack_post_was_ever_published":false,"_jetpack_newsletter_access":"","_jetpack_dont_email_post_to_subs":false,"_jetpack_newsletter_tier_id":0,"_jetpack_memberships_contains_paywalled_content":false,"_jetpack_memberships_contains_paid_content":false,"footnotes":"","jetpack_publicize_message":"Aadem\u00e1s de respaldar a este nosocomio federal, tambi\u00e9n deshabilita el hospital temporal del Centro de Convenciones  Siglo XXI, que lleva 11 meses sin tener la necesidad de ser utilizado.","jetpack_publicize_feature_enabled":true,"jetpack_social_post_already_shared":true,"jetpack_social_options":{"image_generator_settings":{"template":"highway","default_image_id":0,"font":"","enabled":false},"version":2}},"categories":[17],"tags":[],"class_list":["post-92424","post","type-post","status-publish","format-standard","has-post-thumbnail","hentry","category-politica-y-gobierno"],"jetpack_publicize_connections":[],"jetpack_featured_media_url":"https:\/\/formalprision.com\/wp-content\/uploads\/2021\/10\/images-56.jpg","jetpack_sharing_enabled":true,"jetpack_shortlink":"https:\/\/wp.me\/p6id8p-o2I","_links":{"self":[{"href":"https:\/\/formalprision.com\/index.php?rest_route=\/wp\/v2\/posts\/92424","targetHints":{"allow":["GET"]}}],"collection":[{"href":"https:\/\/formalprision.com\/index.php?rest_route=\/wp\/v2\/posts"}],"about":[{"href":"https:\/\/formalprision.com\/index.php?rest_route=\/wp\/v2\/types\/post"}],"author":[{"embeddable":true,"href":"https:\/\/formalprision.com\/index.php?rest_route=\/wp\/v2\/users\/1"}],"replies":[{"embeddable":true,"href":"https:\/\/formalprision.com\/index.php?rest_route=%2Fwp%2Fv2%2Fcomments&post=92424"}],"version-history":[{"count":0,"href":"https:\/\/formalprision.com\/index.php?rest_route=\/wp\/v2\/posts\/92424\/revisions"}],"wp:featuredmedia":[{"embeddable":true,"href":"https:\/\/formalprision.com\/index.php?rest_route=\/wp\/v2\/media\/92425"}],"wp:attachment":[{"href":"https:\/\/formalprision.com\/index.php?rest_route=%2Fwp%2Fv2%2Fmedia&parent=92424"}],"wp:term":[{"taxonomy":"category","embeddable":true,"href":"https:\/\/formalprision.com\/index.php?rest_route=%2Fwp%2Fv2%2Fcategories&post=92424"},{"taxonomy":"post_tag","embeddable":true,"href":"https:\/\/formalprision.com\/index.php?rest_route=%2Fwp%2Fv2%2Ftags&post=92424"}],"curies":[{"name":"wp","href":"https:\/\/api.w.org\/{rel}","templated":true}]}}