{"id":92427,"date":"2021-10-02T11:03:37","date_gmt":"2021-10-02T16:03:37","guid":{"rendered":"http:\/\/formalprision.com\/?p=92427"},"modified":"2021-10-02T20:20:47","modified_gmt":"2021-10-03T01:20:47","slug":"la-costa-yucateca-se-llena-de-murales-realizados-por-ninas-ninos-y-jovenes","status":"publish","type":"post","link":"https:\/\/formalprision.com\/?p=92427","title":{"rendered":"La costa yucateca se llena de murales realizados por ni\u00f1as, ni\u00f1os y j\u00f3venes"},"content":{"rendered":"\n<p>Adolescentes de Dzidzant\u00fan, Dzilam de Bravo y Telchac Puerto dieron nuevos br\u00edos a la costa yucateca, con obras de arte que realizaron en el Taller de murales al aire libre, del proyecto Alas y Ra\u00edces, que suma a la estrategia del Gobernador Mauricio Vila Dosal de acercar herramientas de desarrollo art\u00edstico a j\u00f3venes promesas del interior del estado.<\/p>\n\n\n\n<p>Dicho esquema federal, que tiene por nombre Programa Anual de Desarrollo Cultural Infantil 2021, coordinado en la entidad por la Secretar\u00eda de la Cultura y las Artes (Sedeculta), se enfoca en la descentralizaci\u00f3n de acciones y servicios en la materia.<\/p>\n\n\n\n<p>Este proceso, en el que participaron 37 personas, tuvo la finalidad de reactivar en las demarcaciones las actividades de este tipo, que se detuvieron por la pandemia, para brindar espacios atractivos a turistas locales y extranjeros; tambi\u00e9n, se trabaj\u00f3 sobre flora y fauna nativas, inclusi\u00f3n y cuidado del ambiente.<\/p>\n\n\n\n<p>Otro prop\u00f3sito fue rescatar zonas p\u00fablicas y fomentar la pintura, para lo cual se cont\u00f3 con la instrucci\u00f3n de Ver\u00f3nica Rodr\u00edguez Serrano, Paulette Gonz\u00e1lez Y\u00e1\u00f1ez, Rodrigo Leal Aguilar y Houston Orteg\u00f3n Casanova, en dos etapas: la primera fue te\u00f3rica y, en la segunda, se cre\u00f3 los murales en cada comunidad, a partir de las aportaciones de las y los asistentes.<\/p>\n\n\n\n<figure class=\"wp-block-image size-large\"><a href=\"http:\/\/formalprision.com\/wp-content\/uploads\/2021\/10\/Telchac-Puerto-3.jpg\"><img loading=\"lazy\" decoding=\"async\" width=\"1024\" height=\"932\" src=\"http:\/\/formalprision.com\/wp-content\/uploads\/2021\/10\/Telchac-Puerto-3-1024x932.jpg\" alt=\"\" class=\"wp-image-92430\" srcset=\"https:\/\/formalprision.com\/wp-content\/uploads\/2021\/10\/Telchac-Puerto-3-1024x932.jpg 1024w, https:\/\/formalprision.com\/wp-content\/uploads\/2021\/10\/Telchac-Puerto-3-300x273.jpg 300w, https:\/\/formalprision.com\/wp-content\/uploads\/2021\/10\/Telchac-Puerto-3-768x699.jpg 768w, https:\/\/formalprision.com\/wp-content\/uploads\/2021\/10\/Telchac-Puerto-3.jpg 1371w\" sizes=\"auto, (max-width: 1024px) 100vw, 1024px\" \/><\/a><\/figure>\n\n\n\n<p>Como parte de Alas y Ra\u00edces Yucat\u00e1n, se imparte cursos de sensibilizaci\u00f3n, como Reciclo y aprendo: teatro infantil, en Kinchil, o el Taller de m\u00fasica, en Teabo, Tixm\u00e9huac y Sucil\u00e1, hacia integrar la Orquesta Jaranera del Sur, en las primeras dos localidades, el Ensamble Musical del Oriente, en la tercera.<\/p>\n\n\n\n<p>Dirigido a ni\u00f1as, ni\u00f1os y j\u00f3venes de M\u00e9rida, con y sin discapacidades, est\u00e1 el Taller inclusivo de danza y movimiento, y C\u00f3mo hablar en p\u00fablico. Mon\u00f3logos para adolescentes; mientras que, en Tekax, Man\u00ed y Yothol\u00edn, esta \u00faltima comisar\u00eda de Ticul, tienen lugar otros encuentros de aprendizaje de lengua maya denominado Voces del Sur.<\/p>\n","protected":false},"excerpt":{"rendered":"<p>Adolescentes de Dzidzant\u00fan, Dzilam de Bravo y Telchac Puerto dieron nuevos br\u00edos a la costa yucateca, con obras de arte que realizaron en el Taller de murales al aire libre,<\/p>\n","protected":false},"author":2,"featured_media":92429,"comment_status":"open","ping_status":"open","sticky":false,"template":"","format":"standard","meta":{"jetpack_post_was_ever_published":false,"_jetpack_newsletter_access":"","_jetpack_dont_email_post_to_subs":false,"_jetpack_newsletter_tier_id":0,"_jetpack_memberships_contains_paywalled_content":false,"_jetpack_memberships_contains_paid_content":false,"footnotes":"","jetpack_publicize_message":"Alas y Ra\u00edces da vida a espacios de Dzidzant\u00fan, Dzilam Bravo y Telchac Puerto.","jetpack_publicize_feature_enabled":true,"jetpack_social_post_already_shared":true,"jetpack_social_options":{"image_generator_settings":{"template":"highway","default_image_id":0,"font":"","enabled":false},"version":2}},"categories":[54],"tags":[],"class_list":["post-92427","post","type-post","status-publish","format-standard","has-post-thumbnail","hentry","category-yucatan"],"jetpack_publicize_connections":[],"jetpack_featured_media_url":"https:\/\/formalprision.com\/wp-content\/uploads\/2021\/10\/Telchac-Puerto-2.jpg","jetpack_sharing_enabled":true,"jetpack_shortlink":"https:\/\/wp.me\/p6id8p-o2L","_links":{"self":[{"href":"https:\/\/formalprision.com\/index.php?rest_route=\/wp\/v2\/posts\/92427","targetHints":{"allow":["GET"]}}],"collection":[{"href":"https:\/\/formalprision.com\/index.php?rest_route=\/wp\/v2\/posts"}],"about":[{"href":"https:\/\/formalprision.com\/index.php?rest_route=\/wp\/v2\/types\/post"}],"author":[{"embeddable":true,"href":"https:\/\/formalprision.com\/index.php?rest_route=\/wp\/v2\/users\/2"}],"replies":[{"embeddable":true,"href":"https:\/\/formalprision.com\/index.php?rest_route=%2Fwp%2Fv2%2Fcomments&post=92427"}],"version-history":[{"count":0,"href":"https:\/\/formalprision.com\/index.php?rest_route=\/wp\/v2\/posts\/92427\/revisions"}],"wp:featuredmedia":[{"embeddable":true,"href":"https:\/\/formalprision.com\/index.php?rest_route=\/wp\/v2\/media\/92429"}],"wp:attachment":[{"href":"https:\/\/formalprision.com\/index.php?rest_route=%2Fwp%2Fv2%2Fmedia&parent=92427"}],"wp:term":[{"taxonomy":"category","embeddable":true,"href":"https:\/\/formalprision.com\/index.php?rest_route=%2Fwp%2Fv2%2Fcategories&post=92427"},{"taxonomy":"post_tag","embeddable":true,"href":"https:\/\/formalprision.com\/index.php?rest_route=%2Fwp%2Fv2%2Ftags&post=92427"}],"curies":[{"name":"wp","href":"https:\/\/api.w.org\/{rel}","templated":true}]}}