{"id":9243,"date":"2010-09-29T13:22:00","date_gmt":"2010-09-29T13:22:00","guid":{"rendered":"http:\/\/formalprision.info\/2010\/09\/29\/curso-antisecuestro-y-antiextorsion\/"},"modified":"2015-06-03T09:00:39","modified_gmt":"2015-06-03T09:00:39","slug":"curso-antisecuestro-y-antiextorsion","status":"publish","type":"post","link":"https:\/\/formalprision.com\/?p=9243","title":{"rendered":"Curso antisecuestro y antiextorsi\u00f3n a polis yucatecos"},"content":{"rendered":"<p><a href=\"http:\/\/2.bp.blogspot.com\/_QwiJz8zwaOw\/TKLOKOPJ1nI\/AAAAAAAABoM\/_HWBJ6JkS3A\/s1600\/GetAttachmentCAMKXFG3.jpg\"><img decoding=\"async\" id=\"BLOGGER_PHOTO_ID_5522202768125318770\" style=\"FLOAT: left; MARGIN: 0px 10px 10px 0px; WIDTH: 220px; CURSOR: hand; HEIGHT: 146px\" alt=\"\" src=\"http:\/\/formalprision.com\/wp-content\/uploads\/2010\/09\/GetAttachmentCAMKXFG3.jpg\" border=\"0\" \/><\/a><\/p>\n<div>Un cursito antisecuestro y antiextorsi\u00f3n no le caer\u00eda mal a polic\u00edas judiciales y ministeriales yucatecos y por eso ayer la Polic\u00eda Nacional Colombiana comenz\u00f3 a impartirle uno de estos cursos a estos agentes porque la neta hay alguno que si lo necesitan, .<\/div>\n<p><\/p>\n<div>Se trata de un Seminario -Taller denominado \u201cAntisecuestro y Antiextorsi\u00f3n\u201d, impartido por especialistas de la Polic\u00eda Nacional Colombiana.<br \/>Al inaugurar el taller de capacitaci\u00f3n, el Lic. Friedman Peniche Rivero, subprocurador de Averiguaciones Previas y Control de Procesos de la PGJE, destac\u00f3 que este esfuerzo que realiza permanentemente la Procuradur\u00eda, para mantener preparado a su personal y fuerzas de seguridad para afrontar estos hechos no frecuentes en la entidad, arroja resultados positivos, como se pudo demostrar con el caso del asalto a la Joyer\u00eda Bauer, de plaza Altabrisa.<br \/>or su parte, Jos\u00e9 Berm\u00fadez Hern\u00e1ndez, Jefe de Grupo \u00e9lite en Antisecuestro de la Polic\u00eda Nacional Colombiana, record\u00f3 que por mucho tiempo, Colombia ocup\u00f3 el primer lugar a nivel mundial en \u00edndices de secuestro y extorsi\u00f3n, lo cual han combatido \u201ccon sacrificio, pero sobre todo dijo, mucho profesionalismo\u201d, destacando la importancia de la capacitaci\u00f3n permanente, que permite la prevenci\u00f3n del il\u00edcito.<br \/>Cabe se\u00f1alar que la instrucci\u00f3n est\u00e1 dirigida a personal del Ministerio P\u00fablico, Polic\u00edas Judiciales y Peritos, a fin de dotar a los participantes de habilidades para aplicar las distintas t\u00e9cnicas en cada uno de los casos que se reciben y contribuir, mediante la recolecci\u00f3n de datos concretos a la debida informaci\u00f3n de los procesos de investigaci\u00f3n, proporcionando adem\u00e1s, las bases que les permitan desempe\u00f1ar las funciones de su competencia correspondiente a los delitos de secuestro o extorsi\u00f3n.<\/p>\n<p>Con una duraci\u00f3n de 60 horas, el curso se impartir\u00e1 del 28 de septiembre al ocho de octubre a un total de 20 agentes de la Procuradur\u00eda General de Justicia, abarcando cuatro m\u00f3dulos en los que se tratar\u00e1 la Responsabilidad de los cuerpos de seguridad ante los delitos de secuestro y extorsi\u00f3n, Aspectos generales de los delitos de secuestro y extorsi\u00f3n, Tareas de la investigaci\u00f3n en la lucha contra el secuestro y extorsi\u00f3n e Importancia de los programas de prevenci\u00f3n, impartida por los instructores Jos\u00e9 Berm\u00fadez Hern\u00e1ndez, Jefe de Grupo \u00e9lite en Antisecuestro de la Polic\u00eda Nacional Colombiana, y Aurelio Miranda Toscazo, Intendente de la Polic\u00eda Nacional de Colombia. <\/p><\/div>\n","protected":false},"excerpt":{"rendered":"<p>Un cursito antisecuestro y antiextorsi\u00f3n no le caer\u00eda mal a polic\u00edas judiciales y ministeriales yucatecos y por eso ayer la Polic\u00eda Nacional Colombiana comenz\u00f3 a impartirle uno de estos cursos<\/p>\n","protected":false},"author":1,"featured_media":28306,"comment_status":"open","ping_status":"open","sticky":false,"template":"","format":"standard","meta":{"jetpack_post_was_ever_published":false,"_jetpack_newsletter_access":"","_jetpack_dont_email_post_to_subs":false,"_jetpack_newsletter_tier_id":0,"_jetpack_memberships_contains_paywalled_content":false,"_jetpack_memberships_contains_paid_content":false,"footnotes":"","jetpack_publicize_message":"","jetpack_publicize_feature_enabled":true,"jetpack_social_post_already_shared":false,"jetpack_social_options":{"image_generator_settings":{"template":"highway","default_image_id":0,"font":"","enabled":false},"version":2}},"categories":[3,1,49],"tags":[],"class_list":["post-9243","post","type-post","status-publish","format-standard","has-post-thumbnail","hentry","category-portada","category-sin-categoria","category-tocho-morocho"],"jetpack_publicize_connections":[],"jetpack_featured_media_url":"https:\/\/formalprision.com\/wp-content\/uploads\/2010\/09\/GetAttachmentCAMKXFG3.jpg","jetpack_sharing_enabled":true,"jetpack_shortlink":"https:\/\/wp.me\/p6id8p-2p5","_links":{"self":[{"href":"https:\/\/formalprision.com\/index.php?rest_route=\/wp\/v2\/posts\/9243","targetHints":{"allow":["GET"]}}],"collection":[{"href":"https:\/\/formalprision.com\/index.php?rest_route=\/wp\/v2\/posts"}],"about":[{"href":"https:\/\/formalprision.com\/index.php?rest_route=\/wp\/v2\/types\/post"}],"author":[{"embeddable":true,"href":"https:\/\/formalprision.com\/index.php?rest_route=\/wp\/v2\/users\/1"}],"replies":[{"embeddable":true,"href":"https:\/\/formalprision.com\/index.php?rest_route=%2Fwp%2Fv2%2Fcomments&post=9243"}],"version-history":[{"count":0,"href":"https:\/\/formalprision.com\/index.php?rest_route=\/wp\/v2\/posts\/9243\/revisions"}],"wp:featuredmedia":[{"embeddable":true,"href":"https:\/\/formalprision.com\/index.php?rest_route=\/wp\/v2\/media\/28306"}],"wp:attachment":[{"href":"https:\/\/formalprision.com\/index.php?rest_route=%2Fwp%2Fv2%2Fmedia&parent=9243"}],"wp:term":[{"taxonomy":"category","embeddable":true,"href":"https:\/\/formalprision.com\/index.php?rest_route=%2Fwp%2Fv2%2Fcategories&post=9243"},{"taxonomy":"post_tag","embeddable":true,"href":"https:\/\/formalprision.com\/index.php?rest_route=%2Fwp%2Fv2%2Ftags&post=9243"}],"curies":[{"name":"wp","href":"https:\/\/api.w.org\/{rel}","templated":true}]}}