{"id":92444,"date":"2021-10-02T20:18:52","date_gmt":"2021-10-03T01:18:52","guid":{"rendered":"http:\/\/formalprision.com\/?p=92444"},"modified":"2021-10-02T20:18:52","modified_gmt":"2021-10-03T01:18:52","slug":"con-normalidad-y-sin-contratiempos-reubicacion-de-paraderos","status":"publish","type":"post","link":"https:\/\/formalprision.com\/?p=92444","title":{"rendered":"Con normalidad y sin contratiempos, reubicaci\u00f3n de paraderos"},"content":{"rendered":"\n<p>M\u00e9rida, Yucat\u00e1n, 2 de octubre de 2021.- Con normalidad y sin contratiempos, comenzaron a funcionar este s\u00e1bado las zonas de ascenso y descenso de transporte p\u00fablico del Centro Hist\u00f3rico de M\u00e9rida, que fueron acercadas con el objetivo de que los usuarios recorran distancias m\u00e1s cortas para realizar alg\u00fan transbordo en este punto de la ciudad, ahorrando tiempo y sin poner en riesgo su salud.<\/p>\n\n\n\n<p>Tal fue el caso de Marcos Chan Hern\u00e1ndez quien, desde temprana hora de este s\u00e1bado, lleg\u00f3 al primer cuadro de la ciudad, procedente de la colonia Leona Vicario, donde reside, y aprovech\u00f3 el tiempo que le sobr\u00f3 en su recorrido para acercarse a una de las mamparas informativas instaladas&nbsp;en las inmediaciones del mercado \u201cLucas de G\u00e1lvez\u201d, para familiarizarse con las nuevas adecuaciones, ya que \u00e9l utiliza diversas rutas todos los d\u00edas.<\/p>\n\n\n\n<p>El hombre, de oficio alba\u00f1il, dijo que el acercamiento de las zonas de ascenso y descenso del transporte p\u00fablico ha sido muy bueno, ya que ser\u00e1 m\u00e1s f\u00e1cil abordar las unidades y alcanzar sus destinos.<\/p>\n\n\n\n<p>\u201cEst\u00e1 muy bien porque as\u00ed mucha gente no camina lejos. Hay muchos pasajeros grandes que andan con su compra y no pueden ir muy lejos, as\u00ed que est\u00e1 bien. Yo, como trabajo en muchos lados, en ocasiones voy al oriente, al poniente, al sur, donde sea. Somos alba\u00f1iles y vamos a donde salga la chamba\u201d, explic\u00f3 Marcos, de 59 a\u00f1os de edad.<\/p>\n\n\n\n<p>Chan Hern\u00e1ndez continu\u00f3 relatando que ha sido de mucha ayuda para los usuarios del transporte p\u00fablico, contar con mamparas informativas, ya que con ellas, expuso, \u201cla gente, poco a poco, va ubicando los paraderos y se informa para saber c\u00f3mo est\u00e1 la situaci\u00f3n con estos ajustes\u201d.<\/p>\n\n\n\n<p>Antes de abordar el cami\u00f3n que lo llevar\u00eda a su destino de trabajo, Marcos coment\u00f3 acerca de la importancia de continuar aplicando los protocolos sanitarios al momento de usar el transporte p\u00fablico, ya que, con ello, podemos evitar contagiarnos de Coronavirus o incluso de cualquier otra afecci\u00f3n.<\/p>\n\n\n\n<p>\u00abHay que respetar la sana distancia de todas maneras para evitar el contagio, ya que, dada la situaci\u00f3n de la pandemia, no se puede jugar con eso. Hay que seguir aplicando los protocolos de salud para evitar muchas muertes\u201d finaliz\u00f3.<\/p>\n\n\n\n<p>Cabe recordar que la reubicaci\u00f3n de paraderos se complementa con las acciones que realiza el Instituto de Movilidad y Desarrollo Urbano Territorial (Imdut), a trav\u00e9s de un operativo que incluye una serie de acciones para mantener informados a los usuarios del transporte p\u00fablico.<\/p>\n\n\n\n<p>Dichas medidas incluyen la colocaci\u00f3n de carteles informativos en el interior de las unidades, personal identificado con chalecos verdes para orientar a la poblaci\u00f3n, entrega de volantes, mamparas y m\u00f3dulos ubicados en diferentes puntos del primer cuadro de la ciudad.<\/p>\n\n\n\n<p>Por otro lado, Margarita C\u00e1mara Puc tambi\u00e9n vio con bueno ojos el acercamiento de los paraderos, lo cual considera que contribuye a que la gente pueda ahorrar tiempo de traslado, durante los recorridos que hacen en este medio de transporte, y ello se hace en orden y de la forma acostumbrada.<\/p>\n\n\n\n<p>\u201cAhorita, nos acercaron m\u00e1s y s\u00ed, est\u00e1 mejor. Para m\u00ed, ahora, me queda m\u00e1s cerca el paradero que habitualmente uso y eso significa un ahorro de tiempo. Yo uso las rutas de 58 San Roque, 58 Tecoh y la de San Pedro Noh Pat. Esta ma\u00f1ana, todo funciona sin problemas, y veo que la gente va y viene sin complicaciones\u201d, expuso la meridana.<\/p>\n\n\n\n<p>La mujer de 49 a\u00f1os de edad explic\u00f3 que recibi\u00f3 la ayuda del personal de transporte, al encontrar la ruta que utiliza para llegar a su lugar de trabajo, \u201chay personas con chalecos verdes ayudando a la gente a ubicar sus paraderos. Entregan un mapa y eso es muy bueno, porque hay gente que se desubica, pero as\u00ed es m\u00e1s f\u00e1cil dar con el paradero que se busca\u201d, abund\u00f3.<\/p>\n\n\n\n<p>Como se inform\u00f3 anteriormente, se mantendr\u00e1n separados los ascensos y descensos de pasajeros, a efecto de disminuir las aglomeraciones y reducir el riesgo de contagio; asimismo, los ejes viales, y el dise\u00f1o de entrada y salida r\u00e1pida en forma espiral, para permitir la eficiente circulaci\u00f3n del transporte p\u00fablico.<\/p>\n\n\n\n<p>Producto del trabajo y consenso en la Mesa de Evaluaci\u00f3n del Plan de Mejora a la Movilidad Urbana para el Centro Hist\u00f3rico de M\u00e9rida, as\u00ed como del buen avance en el proceso de vacunaci\u00f3n y las medidas que se han tomado, a partir este s\u00e1bado, entr\u00f3 en vigor el acercamiento de las zonas de ascenso y descenso de 150 rutas de transporte p\u00fablico, a fin de que los usuarios recorran distancias m\u00e1s cortas para realizar alg\u00fan transbordo en este punto de la ciudad, ahorrando tiempo y sin poner en riesgo su salud.<\/p>\n\n\n\n<p>Lo anterior forma parte de las modificaciones responsables a dicho Plan, para seguir avanzando en la reactivaci\u00f3n econ\u00f3mica segura y protegiendo la salud de los yucatecos, las cuales tienen como objetivos mantener la distancia propicia para disminuir los riesgos de contagios, en lugares p\u00fablicos de alta concentraci\u00f3n de personas, y lograr el equilibrio entre salud y mantener actividad comercial, que es la fuente de ingresos de muchas familias, todo sin afectar la vitalidad y el dinamismo de este punto de la capital, ni exponer a la ciudadan\u00eda.<\/p>\n","protected":false},"excerpt":{"rendered":"<p>M\u00e9rida, Yucat\u00e1n, 2 de octubre de 2021.- Con normalidad y sin contratiempos, comenzaron a funcionar este s\u00e1bado las zonas de ascenso y descenso de transporte p\u00fablico del Centro Hist\u00f3rico de<\/p>\n","protected":false},"author":1,"featured_media":92445,"comment_status":"open","ping_status":"open","sticky":false,"template":"","format":"standard","meta":{"jetpack_post_was_ever_published":false,"_jetpack_newsletter_access":"","_jetpack_dont_email_post_to_subs":false,"_jetpack_newsletter_tier_id":0,"_jetpack_memberships_contains_paywalled_content":false,"_jetpack_memberships_contains_paid_content":false,"footnotes":"","jetpack_publicize_message":"De forma positiva, respondieron los usuarios a las nuevas ubicaciones de los paraderos.\n\n ","jetpack_publicize_feature_enabled":true,"jetpack_social_post_already_shared":true,"jetpack_social_options":{"image_generator_settings":{"template":"highway","default_image_id":0,"font":"","enabled":false},"version":2}},"categories":[14],"tags":[],"class_list":["post-92444","post","type-post","status-publish","format-standard","has-post-thumbnail","hentry","category-merida"],"jetpack_publicize_connections":[],"jetpack_featured_media_url":"https:\/\/formalprision.com\/wp-content\/uploads\/2021\/10\/hl-1432599815.jpg","jetpack_sharing_enabled":true,"jetpack_shortlink":"https:\/\/wp.me\/p6id8p-o32","_links":{"self":[{"href":"https:\/\/formalprision.com\/index.php?rest_route=\/wp\/v2\/posts\/92444","targetHints":{"allow":["GET"]}}],"collection":[{"href":"https:\/\/formalprision.com\/index.php?rest_route=\/wp\/v2\/posts"}],"about":[{"href":"https:\/\/formalprision.com\/index.php?rest_route=\/wp\/v2\/types\/post"}],"author":[{"embeddable":true,"href":"https:\/\/formalprision.com\/index.php?rest_route=\/wp\/v2\/users\/1"}],"replies":[{"embeddable":true,"href":"https:\/\/formalprision.com\/index.php?rest_route=%2Fwp%2Fv2%2Fcomments&post=92444"}],"version-history":[{"count":0,"href":"https:\/\/formalprision.com\/index.php?rest_route=\/wp\/v2\/posts\/92444\/revisions"}],"wp:featuredmedia":[{"embeddable":true,"href":"https:\/\/formalprision.com\/index.php?rest_route=\/wp\/v2\/media\/92445"}],"wp:attachment":[{"href":"https:\/\/formalprision.com\/index.php?rest_route=%2Fwp%2Fv2%2Fmedia&parent=92444"}],"wp:term":[{"taxonomy":"category","embeddable":true,"href":"https:\/\/formalprision.com\/index.php?rest_route=%2Fwp%2Fv2%2Fcategories&post=92444"},{"taxonomy":"post_tag","embeddable":true,"href":"https:\/\/formalprision.com\/index.php?rest_route=%2Fwp%2Fv2%2Ftags&post=92444"}],"curies":[{"name":"wp","href":"https:\/\/api.w.org\/{rel}","templated":true}]}}