{"id":92447,"date":"2021-10-02T20:41:48","date_gmt":"2021-10-03T01:41:48","guid":{"rendered":"http:\/\/formalprision.com\/?p=92447"},"modified":"2021-10-02T20:41:48","modified_gmt":"2021-10-03T01:41:48","slug":"con-el-acercamiento-de-paraderos-aumentan-ventas-en-el-centro-de-merida","status":"publish","type":"post","link":"https:\/\/formalprision.com\/?p=92447","title":{"rendered":"Con el acercamiento de paraderos, aumentan ventas en el centro de M\u00e9rida"},"content":{"rendered":"\n<p>M\u00e9rida, Yucat\u00e1n, 2 de octubre de 2021.- En lo que va del primer d\u00eda del acercamiento de las zonas de ascenso y descenso de 150 rutas de transporte p\u00fablico, comerciantes del Centro Hist\u00f3rico de M\u00e9rida reportaron una importante mejor\u00eda en sus ventas, lo que les permitir\u00e1 acelerar la recuperaci\u00f3n econ\u00f3mica de sus negocios.<\/p>\n\n\n\n<p>As\u00ed lo manifest\u00f3 F\u00e1tima Leal, encargada de una de las sucursales de la emblem\u00e1tica panader\u00eda \u201cLa vieja\u201d, ubicada sobre la calle 62, quien asegur\u00f3 que con la pandemia las ventas bajaron dr\u00e1sticamente, sin embargo, confi\u00f3 en que, a partir de hoy, sus ingresos aumenten al haber mayor tr\u00e1nsito de personas en la zona.<\/p>\n\n\n\n<p>\u201cHoy, tuvimos una buena respuesta, las ventas incrementaron, que es m\u00e1s de la que hab\u00edamos tenido en d\u00edas anteriores. Por ello, metimos un poco m\u00e1s de producto y variedad; ahora, esperamos que bajen las mermas y suban las ventas, por el bien de todos\u201d, enfatiz\u00f3.<\/p>\n\n\n\n<p>Hasta antes de las 4:00 de la tarde, algunos de los comercios de esta zona ya registraban un alza en sus ventas, sobre todo los giros comerciales relacionados con la venta de comida, ropa, calzado, art\u00edculos de telefon\u00eda y electr\u00f3nica, acciones que generan confianza y esperanza de que, en poco tiempo, esas tiendan puedan recuperar la vitalidad que desde la pandemia hab\u00edan ido perdiendo poco a poco.<\/p>\n\n\n\n<p>Desde hoy, tambi\u00e9n se pudo observar que varias tiendas se preparan para aprovechar el flujo de usuarios del transporte p\u00fablico, por lo que adem\u00e1s de incorporar nuevos productos y promociones, algunos tambi\u00e9n se encuentran en la b\u00fasqueda de ayudantes.<\/p>\n\n\n\n<p>Por su parte, Julio Duarte, encargado de \u00d3pticas Alcal\u00e1, asegur\u00f3 que, con el acercamiento de los paraderos, el comercio del Centro de la ciudad ser\u00e1 uno de los mayores beneficiados, ya que, al coincidir un mayor n\u00famero de rutas en la misma calle, el tr\u00e1nsito de personas aumenta y, por consiguiente, sus ventas se elevan.<\/p>\n\n\n\n<p>\u201cPara ser el primer d\u00eda, se ve bastante movimiento; si le sumamos que es quincena y fin de semana, yo dir\u00eda que se espera una buena temporada para los comercios, que hab\u00edamos tenido unos meses dif\u00edciles, con bajas ventas. Esperamos que ahora todo mejore para nosotros\u201d, acot\u00f3.<\/p>\n\n\n\n<p><br>Hay que recordar que, producto Producto del trabajo y consenso en la Mesa de Evaluaci\u00f3n del Plan de Mejora a la Movilidad Urbana para el Centro Hist\u00f3rico de M\u00e9rida, as\u00ed como del buen avance en el proceso de vacunaci\u00f3n y las medidas que se han tomado, a partir este s\u00e1bado, entr\u00f3 en vigor el acercamiento de las zonas de ascenso y descenso de 150 rutas de transporte p\u00fablico, a fin de que los usuarios recorran distancias m\u00e1s cortas para realizar alg\u00fan transbordo en este punto de la ciudad, ahorrando tiempo y sin poner en riesgo su salud.<br>&nbsp;<br>Lo anterior forma parte de las modificaciones responsables a dicho Plan, para seguir avanzando en la reactivaci\u00f3n econ\u00f3mica segura y protegiendo la salud de los yucatecos, las cuales tienen como objetivos mantener la distancia propicia para disminuir los riesgos de contagios, en lugares p\u00fablicos de alta concentraci\u00f3n de personas, y lograr el equilibrio entre salud y mantener actividad comercial, que es la fuente de ingresos de muchas familias, todo sin afectar la vitalidad y el dinamismo de este punto de la capital, ni exponer a la ciudadan\u00eda.<\/p>\n","protected":false},"excerpt":{"rendered":"<p>M\u00e9rida, Yucat\u00e1n, 2 de octubre de 2021.- En lo que va del primer d\u00eda del acercamiento de las zonas de ascenso y descenso de 150 rutas de transporte p\u00fablico, comerciantes<\/p>\n","protected":false},"author":1,"featured_media":92448,"comment_status":"open","ping_status":"open","sticky":false,"template":"","format":"standard","meta":{"jetpack_post_was_ever_published":false,"_jetpack_newsletter_access":"","_jetpack_dont_email_post_to_subs":false,"_jetpack_newsletter_tier_id":0,"_jetpack_memberships_contains_paywalled_content":false,"_jetpack_memberships_contains_paid_content":false,"footnotes":"","jetpack_publicize_message":"Comerciantes conf\u00edan en que con esta medida se acelere la recuperaci\u00f3n econ\u00f3mica de sus negocios.","jetpack_publicize_feature_enabled":true,"jetpack_social_post_already_shared":true,"jetpack_social_options":{"image_generator_settings":{"template":"highway","default_image_id":0,"font":"","enabled":false},"version":2}},"categories":[14],"tags":[],"class_list":["post-92447","post","type-post","status-publish","format-standard","has-post-thumbnail","hentry","category-merida"],"jetpack_publicize_connections":[],"jetpack_featured_media_url":"https:\/\/formalprision.com\/wp-content\/uploads\/2021\/10\/hl-1436153643.jpg","jetpack_sharing_enabled":true,"jetpack_shortlink":"https:\/\/wp.me\/p6id8p-o35","_links":{"self":[{"href":"https:\/\/formalprision.com\/index.php?rest_route=\/wp\/v2\/posts\/92447","targetHints":{"allow":["GET"]}}],"collection":[{"href":"https:\/\/formalprision.com\/index.php?rest_route=\/wp\/v2\/posts"}],"about":[{"href":"https:\/\/formalprision.com\/index.php?rest_route=\/wp\/v2\/types\/post"}],"author":[{"embeddable":true,"href":"https:\/\/formalprision.com\/index.php?rest_route=\/wp\/v2\/users\/1"}],"replies":[{"embeddable":true,"href":"https:\/\/formalprision.com\/index.php?rest_route=%2Fwp%2Fv2%2Fcomments&post=92447"}],"version-history":[{"count":0,"href":"https:\/\/formalprision.com\/index.php?rest_route=\/wp\/v2\/posts\/92447\/revisions"}],"wp:featuredmedia":[{"embeddable":true,"href":"https:\/\/formalprision.com\/index.php?rest_route=\/wp\/v2\/media\/92448"}],"wp:attachment":[{"href":"https:\/\/formalprision.com\/index.php?rest_route=%2Fwp%2Fv2%2Fmedia&parent=92447"}],"wp:term":[{"taxonomy":"category","embeddable":true,"href":"https:\/\/formalprision.com\/index.php?rest_route=%2Fwp%2Fv2%2Fcategories&post=92447"},{"taxonomy":"post_tag","embeddable":true,"href":"https:\/\/formalprision.com\/index.php?rest_route=%2Fwp%2Fv2%2Ftags&post=92447"}],"curies":[{"name":"wp","href":"https:\/\/api.w.org\/{rel}","templated":true}]}}