{"id":92453,"date":"2021-10-03T12:56:13","date_gmt":"2021-10-03T17:56:13","guid":{"rendered":"http:\/\/formalprision.com\/?p=92453"},"modified":"2021-10-03T12:56:13","modified_gmt":"2021-10-03T17:56:13","slug":"sin-mayores-contratiempos-la-segunda-jornada-con-las-nuevas-zonas-de-ascenso-y-descenso","status":"publish","type":"post","link":"https:\/\/formalprision.com\/?p=92453","title":{"rendered":"Sin mayores contratiempos, la segunda jornada con las nuevas zonas de ascenso y descenso"},"content":{"rendered":"\n<p>M\u00e9rida, Yucat\u00e1n, 3 de octubre de 2021.- En el segundo d\u00eda de implementaci\u00f3n de las nuevas zonas de ascenso y descenso de transporte p\u00fablico del Centro Hist\u00f3rico de M\u00e9rida, la jornada transcurre sin mayores contratiempos, por lo que usuarios ahora se benefician con distancias m\u00e1s cortas para realizar alg\u00fan transbordo y ahorro de tiempo, sin poner en riesgo su salud.<\/p>\n\n\n\n<p>Mientras esperaba su cami\u00f3n de Villas La Hacienda esta ma\u00f1ana para dirigirse a su centro laboral, Julio C\u00e9sar Pech Poot destac\u00f3 que, con las modificaciones implementadas como parte del Plan de Mejora a la Movilidad Urbana para este punto de la ciudad, ahora se ahorra tiempo a la hora de trasladarse a su trabajo, lo que resulta para \u00e9l una muy buena noticia.<\/p>\n\n\n\n<p>\u00abLlego en menos tiempo en que camino de un paradero a otro y eso es de mucha ayuda para m\u00ed y me imagino que para muchas otras personas tambi\u00e9n\u00bb, resalt\u00f3.<\/p>\n\n\n\n<p>El vecino de Kanas\u00edn indic\u00f3 que, para ir a trabajar, todos los d\u00edas ten\u00eda que trasladarse por varias calles, por lo que sal\u00eda con mucho tiempo de anticipaci\u00f3n de su casa, sin embargo, ahora ha notado un ahorro importante de tiempo.<\/p>\n\n\n\n<p>\u00abEstoy de acuerdo con el acercamiento porque ayuda a mucha gente a trasladarse m\u00e1s r\u00e1pido y llegar antes a nuestros destinos y, como dicen, es momento de ir regresando un poco a como est\u00e1bamos porque hemos hecho las cosas bien y as\u00ed tenemos que seguir\u00bb, finaliz\u00f3.<\/p>\n\n\n\n<p>Alberto Tinoco D\u00edaz, usuario de la ruta Santa Gertrudis Cop\u00f3, destac\u00f3 que, con las modificaciones a los puntos de ascenso y descenso, en estos dos primeros d\u00edas ha sido muy evidente que los ciudadanos, como \u00e9l, est\u00e1n caminando menos, ya que los paraderos se encuentran m\u00e1s cercanos.<\/p>\n\n\n\n<p>\u00abLo que yo he visto es que ha servido bastante. Ahora nos queda acostumbrarnos a este cambio y no dejar de cuidarnos para que las cosas sigan as\u00ed de bien\u00bb, apunt\u00f3 el vecino de la zona oriente de la ciudad.<\/p>\n\n\n\n<p>Tinoco D\u00edaz relat\u00f3 que todos los d\u00edas tiene que trasladarse para trabajar como guardia de seguridad en unas construcciones de la zona norte de la ciudad, por lo que desde ayer ha sido testigo del apoyo que el personal del Gobierno del Estado, inspectores y en los m\u00f3dulos de informaci\u00f3n se ha brindado a la gente para que puedan ubicar sus nuevas zonas de ascenso y descenso.<\/p>\n\n\n\n<p>Como parte del operativo que realiz\u00f3 el Instituto de Movilidad y Desarrollo Urbano Territorial (Imdut), inspectores de transporte p\u00fablico se encuentran difundiendo, en todo momento, informaci\u00f3n respecto de las adecuaciones. Asimismo, se habilitaron puntos donde la ciudadan\u00eda puede solicitar la informaci\u00f3n necesaria para poder llegar a su destino, sin interrupciones ni contratiempo alguno.<\/p>\n\n\n\n<p>Tambi\u00e9n, se colocaron mamparas informativas en diversos lugares del primer cuadro de la ciudad y personal identificado con chalecos verdes est\u00e1n orientando y entregando volantes con el mapa y listado de todos los paraderos que se movieron, as\u00ed como las recomendaciones para la adecuada aplicaci\u00f3n de los protocolos sanitarios.<\/p>\n\n\n\n<p>Hay que recordar que, producto del trabajo y consenso en la Mesa de Evaluaci\u00f3n del Plan de Mejora a la Movilidad Urbana para el Centro Hist\u00f3rico de M\u00e9rida, as\u00ed como del buen avance en el proceso de vacunaci\u00f3n y las medidas que se han tomado, ayer s\u00e1bado entr\u00f3 en vigor el acercamiento de las zonas de ascenso y descenso de 150 rutas de transporte p\u00fablico, a fin de que los usuarios recorran distancias m\u00e1s cortas para realizar alg\u00fan transbordo, ahorrando tiempo y sin poner en riesgo su salud.<\/p>\n\n\n\n<p>Lo anterior forma parte de las modificaciones responsables a dicho Plan, para seguir avanzando en la reactivaci\u00f3n econ\u00f3mica segura y protegiendo la salud de los yucatecos, las cuales tienen como objetivos mantener la distancia propicia para disminuir los riesgos de contagios, en lugares p\u00fablicos de alta concentraci\u00f3n de personas, y lograr el equilibrio entre salud y mantener actividad comercial, que es la fuente de ingresos de muchas familias, todo sin afectar la vitalidad y el dinamismo de este punto de la capital, ni exponer a la ciudadan\u00eda.<\/p>\n\n\n\n<p>Con estas acciones, el Gobierno del Estado reitera su compromiso con salvaguardar la salud de las y los yucatecos y mejorar la movilidad en su conjunto, para reducir los riesgos de contagios, al tiempo que impulsa la reactivaci\u00f3n econ\u00f3mica segura, priorizando los espacios disponibles para el peat\u00f3n, a trav\u00e9s de un ordenamiento de las diferentes alternativas de movilidad que permitan la sana convivencia.<\/p>\n","protected":false},"excerpt":{"rendered":"<p>M\u00e9rida, Yucat\u00e1n, 3 de octubre de 2021.- En el segundo d\u00eda de implementaci\u00f3n de las nuevas zonas de ascenso y descenso de transporte p\u00fablico del Centro Hist\u00f3rico de M\u00e9rida, la<\/p>\n","protected":false},"author":1,"featured_media":92454,"comment_status":"open","ping_status":"open","sticky":false,"template":"","format":"standard","meta":{"jetpack_post_was_ever_published":false,"_jetpack_newsletter_access":"","_jetpack_dont_email_post_to_subs":false,"_jetpack_newsletter_tier_id":0,"_jetpack_memberships_contains_paywalled_content":false,"_jetpack_memberships_contains_paid_content":false,"footnotes":"","jetpack_publicize_message":"Usuarios del transporte p\u00fablico consideraron como un acierto acercar los paraderos, no solo por el ahorro de tiempo en los transbordos, sino porque tambi\u00e9n ayuda en la econom\u00eda de los comerciantes","jetpack_publicize_feature_enabled":true,"jetpack_social_post_already_shared":true,"jetpack_social_options":{"image_generator_settings":{"template":"highway","default_image_id":0,"font":"","enabled":false},"version":2}},"categories":[14],"tags":[],"class_list":["post-92453","post","type-post","status-publish","format-standard","has-post-thumbnail","hentry","category-merida"],"jetpack_publicize_connections":[],"jetpack_featured_media_url":"https:\/\/formalprision.com\/wp-content\/uploads\/2021\/10\/hl-1439102290.jpg","jetpack_sharing_enabled":true,"jetpack_shortlink":"https:\/\/wp.me\/p6id8p-o3b","_links":{"self":[{"href":"https:\/\/formalprision.com\/index.php?rest_route=\/wp\/v2\/posts\/92453","targetHints":{"allow":["GET"]}}],"collection":[{"href":"https:\/\/formalprision.com\/index.php?rest_route=\/wp\/v2\/posts"}],"about":[{"href":"https:\/\/formalprision.com\/index.php?rest_route=\/wp\/v2\/types\/post"}],"author":[{"embeddable":true,"href":"https:\/\/formalprision.com\/index.php?rest_route=\/wp\/v2\/users\/1"}],"replies":[{"embeddable":true,"href":"https:\/\/formalprision.com\/index.php?rest_route=%2Fwp%2Fv2%2Fcomments&post=92453"}],"version-history":[{"count":0,"href":"https:\/\/formalprision.com\/index.php?rest_route=\/wp\/v2\/posts\/92453\/revisions"}],"wp:featuredmedia":[{"embeddable":true,"href":"https:\/\/formalprision.com\/index.php?rest_route=\/wp\/v2\/media\/92454"}],"wp:attachment":[{"href":"https:\/\/formalprision.com\/index.php?rest_route=%2Fwp%2Fv2%2Fmedia&parent=92453"}],"wp:term":[{"taxonomy":"category","embeddable":true,"href":"https:\/\/formalprision.com\/index.php?rest_route=%2Fwp%2Fv2%2Fcategories&post=92453"},{"taxonomy":"post_tag","embeddable":true,"href":"https:\/\/formalprision.com\/index.php?rest_route=%2Fwp%2Fv2%2Ftags&post=92453"}],"curies":[{"name":"wp","href":"https:\/\/api.w.org\/{rel}","templated":true}]}}