{"id":92472,"date":"2021-10-04T06:59:00","date_gmt":"2021-10-04T11:59:00","guid":{"rendered":"http:\/\/formalprision.com\/?p=92472"},"modified":"2021-10-04T12:26:03","modified_gmt":"2021-10-04T17:26:03","slug":"amlo-anuncia-que-a-partir-del-20-noviembre-realizara-actos-masivos","status":"publish","type":"post","link":"https:\/\/formalprision.com\/?p=92472","title":{"rendered":"AMLO anuncia que a partir del 20 noviembre realizar\u00e1 actos masivos"},"content":{"rendered":"\n<p>El presidente&nbsp;<strong>Andr\u00e9s Manuel L\u00f3pez Obrador<\/strong>&nbsp;anunci\u00f3 que el 20 de noviembre el acto conmemorativo del inicio de la&nbsp;<strong>Revoluci\u00f3n<\/strong>&nbsp;ser\u00e1 abierto al p\u00fablico, ser\u00e1 el primer acto masivo ya como el reinicio de eventos abiertos a la ciudadan\u00eda de sus giras de trabajo tambi\u00e9n.<br>Hizo el anuncio en el momento preciso en el que un grupo de poco m\u00e1s de 300 pobladores de diversas comunidades de Puebla que se dijeron excluidos del padr\u00f3n de damnificados del<strong>&nbsp;hurac\u00e1n Grace<\/strong>, irrumpieron en el sal\u00f3n ferial de Huauchinango en donde el presidente realizaba la evaluaci\u00f3n de la entrega de apoyos para los afectados por este fen\u00f3meno natural.<\/p>\n\n\n\n<blockquote class=\"wp-block-quote is-layout-flow wp-block-quote-is-layout-flow\"><p>\u201cVamos ya una vez que terminemos de vacunar a finales de este mes, ya vamos a hacer los actos en las plazas p\u00fablicas, ya quiero que sea 20 de noviembre, el aniversario de la Revoluci\u00f3n y llenemos de nuevo el Z\u00f3calo de la Ciudad de M\u00e9xico para estar ah\u00ed todos, ahora pues ya llegaron ustedes, son bienvenidos\u201d, dijo L\u00f3pez Obrador.<\/p><\/blockquote>\n\n\n\n<p>Los pobladores de comunidades diversas, especialmente de los municipios de Tlapacoya y Tlaola, llegaron a este recinto que es un \u00e1rea cerrada que estaba resguardada con vallas met\u00e1licas.<\/p>\n\n\n\n<p>Lograron vencer la valla de la entrada y corrieron hasta el sal\u00f3n del evento en donde tambi\u00e9n lograron entrar con empujones ante los cuales los elementos de&nbsp;<strong>la Ayudant\u00eda<\/strong>&nbsp;se vieron rebasados.<\/p>\n","protected":false},"excerpt":{"rendered":"<p>El presidente&nbsp;Andr\u00e9s Manuel L\u00f3pez Obrador&nbsp;anunci\u00f3 que el 20 de noviembre el acto conmemorativo del inicio de la&nbsp;Revoluci\u00f3n&nbsp;ser\u00e1 abierto al p\u00fablico, ser\u00e1 el primer acto masivo ya como el reinicio de<\/p>\n","protected":false},"author":1,"featured_media":92473,"comment_status":"open","ping_status":"open","sticky":false,"template":"","format":"standard","meta":{"jetpack_post_was_ever_published":false,"_jetpack_newsletter_access":"","_jetpack_dont_email_post_to_subs":false,"_jetpack_newsletter_tier_id":0,"_jetpack_memberships_contains_paywalled_content":false,"_jetpack_memberships_contains_paid_content":false,"footnotes":"","jetpack_publicize_message":"El desfile ser\u00e1 abierto al p\u00fablico, ser\u00e1 el primer acto masivo ya como el reinicio de eventos abiertos a la ciudadan\u00eda de sus giras de trabajo tambi\u00e9n.","jetpack_publicize_feature_enabled":true,"jetpack_social_post_already_shared":true,"jetpack_social_options":{"image_generator_settings":{"template":"highway","default_image_id":0,"font":"","enabled":false},"version":2}},"categories":[23,21],"tags":[],"class_list":["post-92472","post","type-post","status-publish","format-standard","has-post-thumbnail","hentry","category-del-mundo","category-nacionales"],"jetpack_publicize_connections":[],"jetpack_featured_media_url":"https:\/\/formalprision.com\/wp-content\/uploads\/2021\/10\/Screenshot_20211004_000108.jpg","jetpack_sharing_enabled":true,"jetpack_shortlink":"https:\/\/wp.me\/p6id8p-o3u","_links":{"self":[{"href":"https:\/\/formalprision.com\/index.php?rest_route=\/wp\/v2\/posts\/92472","targetHints":{"allow":["GET"]}}],"collection":[{"href":"https:\/\/formalprision.com\/index.php?rest_route=\/wp\/v2\/posts"}],"about":[{"href":"https:\/\/formalprision.com\/index.php?rest_route=\/wp\/v2\/types\/post"}],"author":[{"embeddable":true,"href":"https:\/\/formalprision.com\/index.php?rest_route=\/wp\/v2\/users\/1"}],"replies":[{"embeddable":true,"href":"https:\/\/formalprision.com\/index.php?rest_route=%2Fwp%2Fv2%2Fcomments&post=92472"}],"version-history":[{"count":0,"href":"https:\/\/formalprision.com\/index.php?rest_route=\/wp\/v2\/posts\/92472\/revisions"}],"wp:featuredmedia":[{"embeddable":true,"href":"https:\/\/formalprision.com\/index.php?rest_route=\/wp\/v2\/media\/92473"}],"wp:attachment":[{"href":"https:\/\/formalprision.com\/index.php?rest_route=%2Fwp%2Fv2%2Fmedia&parent=92472"}],"wp:term":[{"taxonomy":"category","embeddable":true,"href":"https:\/\/formalprision.com\/index.php?rest_route=%2Fwp%2Fv2%2Fcategories&post=92472"},{"taxonomy":"post_tag","embeddable":true,"href":"https:\/\/formalprision.com\/index.php?rest_route=%2Fwp%2Fv2%2Ftags&post=92472"}],"curies":[{"name":"wp","href":"https:\/\/api.w.org\/{rel}","templated":true}]}}