{"id":9249,"date":"2010-09-27T14:49:00","date_gmt":"2010-09-27T14:49:00","guid":{"rendered":"http:\/\/formalprision.info\/2010\/09\/27\/aparatoso-choque-en-la-calle-55-por-58\/"},"modified":"2015-06-03T09:00:41","modified_gmt":"2015-06-03T09:00:41","slug":"aparatoso-choque-en-la-calle-55-por-58","status":"publish","type":"post","link":"https:\/\/formalprision.com\/?p=9249","title":{"rendered":"Aparatoso choque en la calle 55 por 58"},"content":{"rendered":"<p><a href=\"http:\/\/1.bp.blogspot.com\/_QwiJz8zwaOw\/TKCviNaWCZI\/AAAAAAAABns\/WSrVXTdwks4\/s1600\/GetAttachmentCAB496VL.jpg\"><img decoding=\"async\" id=\"BLOGGER_PHOTO_ID_5521606145406798226\" style=\"FLOAT: left; MARGIN: 0px 10px 10px 0px; WIDTH: 213px; CURSOR: hand; HEIGHT: 160px\" alt=\"\" src=\"http:\/\/formalprision.com\/wp-content\/uploads\/2010\/09\/GetAttachmentCAB496VL.jpg\" border=\"0\" \/><\/a><\/p>\n<div>La Polic\u00eda Municipal de M\u00e9rida tomo conocimiento ayer a las 20:30 horas de un accidente de tr\u00e1nsito en la calle 55 por 58, en el que estuvieron involucradas las camionetas placas 380-TBG \u2013del Distrito Federal- y YP-52-574 conducidas por Edwin Manuel Barbudo Dom\u00ednguez y Miguel \u00c1ngel Arceo Escalante, respectivamente.<\/div>\n<p><\/p>\n<div>Los hechos se registraron cuando Barbudo Dom\u00ednguez transitaba sobre la calle 55, en direcci\u00f3n poniente a oriente. Al momento de llegar a la intersecci\u00f3n con la 58 no respet\u00f3 el alto que le indicaba la luz roja del sem\u00e1foro, siendo que al invadir la arteria de preferencia colision\u00f3 con la camioneta guiada de norte a sur por Arceo Escalante. <\/div>\n<p><\/p>\n<div>Los agentes de la Polic\u00eda Municipal procedieron a apoyar a la circulaci\u00f3n vehicular en tanto se reubicaban los carros. <\/div>\n<p><\/p>\n<div>Cabe indicar que las partes involucradas manifestaron llegar a un acuerdo en el lugar.<\/p>\n<\/div>\n","protected":false},"excerpt":{"rendered":"<p>La Polic\u00eda Municipal de M\u00e9rida tomo conocimiento ayer a las 20:30 horas de un accidente de tr\u00e1nsito en la calle 55 por 58, en el que estuvieron involucradas las camionetas<\/p>\n","protected":false},"author":1,"featured_media":28316,"comment_status":"open","ping_status":"open","sticky":false,"template":"","format":"standard","meta":{"jetpack_post_was_ever_published":false,"_jetpack_newsletter_access":"","_jetpack_dont_email_post_to_subs":false,"_jetpack_newsletter_tier_id":0,"_jetpack_memberships_contains_paywalled_content":false,"_jetpack_memberships_contains_paid_content":false,"footnotes":"","jetpack_publicize_message":"","jetpack_publicize_feature_enabled":true,"jetpack_social_post_already_shared":false,"jetpack_social_options":{"image_generator_settings":{"template":"highway","default_image_id":0,"font":"","enabled":false},"version":2}},"categories":[60,3,1],"tags":[],"class_list":["post-9249","post","type-post","status-publish","format-standard","has-post-thumbnail","hentry","category-cafres","category-portada","category-sin-categoria"],"jetpack_publicize_connections":[],"jetpack_featured_media_url":"https:\/\/formalprision.com\/wp-content\/uploads\/2010\/09\/GetAttachmentCAB496VL.jpg","jetpack_sharing_enabled":true,"jetpack_shortlink":"https:\/\/wp.me\/p6id8p-2pb","_links":{"self":[{"href":"https:\/\/formalprision.com\/index.php?rest_route=\/wp\/v2\/posts\/9249","targetHints":{"allow":["GET"]}}],"collection":[{"href":"https:\/\/formalprision.com\/index.php?rest_route=\/wp\/v2\/posts"}],"about":[{"href":"https:\/\/formalprision.com\/index.php?rest_route=\/wp\/v2\/types\/post"}],"author":[{"embeddable":true,"href":"https:\/\/formalprision.com\/index.php?rest_route=\/wp\/v2\/users\/1"}],"replies":[{"embeddable":true,"href":"https:\/\/formalprision.com\/index.php?rest_route=%2Fwp%2Fv2%2Fcomments&post=9249"}],"version-history":[{"count":0,"href":"https:\/\/formalprision.com\/index.php?rest_route=\/wp\/v2\/posts\/9249\/revisions"}],"wp:featuredmedia":[{"embeddable":true,"href":"https:\/\/formalprision.com\/index.php?rest_route=\/wp\/v2\/media\/28316"}],"wp:attachment":[{"href":"https:\/\/formalprision.com\/index.php?rest_route=%2Fwp%2Fv2%2Fmedia&parent=9249"}],"wp:term":[{"taxonomy":"category","embeddable":true,"href":"https:\/\/formalprision.com\/index.php?rest_route=%2Fwp%2Fv2%2Fcategories&post=9249"},{"taxonomy":"post_tag","embeddable":true,"href":"https:\/\/formalprision.com\/index.php?rest_route=%2Fwp%2Fv2%2Ftags&post=9249"}],"curies":[{"name":"wp","href":"https:\/\/api.w.org\/{rel}","templated":true}]}}