{"id":92490,"date":"2021-10-04T13:45:07","date_gmt":"2021-10-04T18:45:07","guid":{"rendered":"http:\/\/formalprision.com\/?p=92490"},"modified":"2021-10-04T14:59:15","modified_gmt":"2021-10-04T19:59:15","slug":"abanderan-delegacion-yucateca-que-acudira-al-festival-deportivo-de-mar-y-playa","status":"publish","type":"post","link":"https:\/\/formalprision.com\/?p=92490","title":{"rendered":"Abanderan delegaci\u00f3n yucateca que acudir\u00e1 al Festival Deportivo de Mar y Playa"},"content":{"rendered":"\n<p>Yucat\u00e1n participar\u00e1 en el Festival Deportivo de Mar y Playa 2021, evento que se realizar\u00e1 la Comisi\u00f3n Nacional de Cultura F\u00edsica y Deporte (Conade), en Acapulco, Guerrero, del 3 al 9 de octubre.<\/p>\n\n\n\n<p>El titular del Instituto del Deporte (IDEY), Carlos S\u00e1enz Castillo, abander\u00f3 a la delegaci\u00f3n que representar\u00e1 a la entidad en las disciplinas de voleibol 4&#215;4, beach handball y ultimate frisbee; ante familiares y entrenadores, dirigi\u00f3 unas palabras de aliento y les invit\u00f3 a dar su m\u00e1ximo esfuerzo.<\/p>\n\n\n\n<p>Ser\u00e1 la primera edici\u00f3n del torneo y reunir\u00e1 14 competencias, que adem\u00e1s de las tres ya mencionadas, ser\u00e1n f\u00fatbol playero, surf, air b\u00e1dminton, pentatl\u00f3n, domin\u00f3, tochito bandera, tenis de mesa, waterpolo, vela, aguas abiertas y moton\u00e1utica.<\/p>\n\n\n\n<p>Asimismo, se adelant\u00f3 que, para el 2022, Yucat\u00e1n podr\u00eda ser la sede de este encuentro, en el Puerto de Progreso, donde llegar\u00edan m\u00e1s de mil atletas de toda la Rep\u00fablica.<\/p>\n\n\n\n<p>Tambi\u00e9n, estuvieron los directores de Promoci\u00f3n Deportiva, Iv\u00e1n Herrera Rosiles, y Vinculaci\u00f3n y Unidades, Jorge Esteban Abud, ambos del IDEY, as\u00ed como los presidentes de las Asociaciones de Voleibol, Pedro Ontiveros Manzanilla; Handball, Roger Cab May, y Disco Volador, \u00c1lvaro D\u00edaz Mena.<\/p>\n","protected":false},"excerpt":{"rendered":"<p>Yucat\u00e1n participar\u00e1 en el Festival Deportivo de Mar y Playa 2021, evento que se realizar\u00e1 la Comisi\u00f3n Nacional de Cultura F\u00edsica y Deporte (Conade), en Acapulco, Guerrero, del 3 al<\/p>\n","protected":false},"author":2,"featured_media":92491,"comment_status":"open","ping_status":"open","sticky":false,"template":"","format":"standard","meta":{"jetpack_post_was_ever_published":false,"_jetpack_newsletter_access":"","_jetpack_dont_email_post_to_subs":false,"_jetpack_newsletter_tier_id":0,"_jetpack_memberships_contains_paywalled_content":false,"_jetpack_memberships_contains_paid_content":false,"footnotes":"","jetpack_publicize_message":"El evento se realiza en Acapulco, Guerrero, del 3 al 9 de octubre.","jetpack_publicize_feature_enabled":true,"jetpack_social_post_already_shared":true,"jetpack_social_options":{"image_generator_settings":{"template":"highway","default_image_id":0,"font":"","enabled":false},"version":2}},"categories":[4],"tags":[],"class_list":["post-92490","post","type-post","status-publish","format-standard","has-post-thumbnail","hentry","category-deportes"],"jetpack_publicize_connections":[],"jetpack_featured_media_url":"https:\/\/formalprision.com\/wp-content\/uploads\/2021\/10\/mar-y-playa.jpg","jetpack_sharing_enabled":true,"jetpack_shortlink":"https:\/\/wp.me\/p6id8p-o3M","_links":{"self":[{"href":"https:\/\/formalprision.com\/index.php?rest_route=\/wp\/v2\/posts\/92490","targetHints":{"allow":["GET"]}}],"collection":[{"href":"https:\/\/formalprision.com\/index.php?rest_route=\/wp\/v2\/posts"}],"about":[{"href":"https:\/\/formalprision.com\/index.php?rest_route=\/wp\/v2\/types\/post"}],"author":[{"embeddable":true,"href":"https:\/\/formalprision.com\/index.php?rest_route=\/wp\/v2\/users\/2"}],"replies":[{"embeddable":true,"href":"https:\/\/formalprision.com\/index.php?rest_route=%2Fwp%2Fv2%2Fcomments&post=92490"}],"version-history":[{"count":0,"href":"https:\/\/formalprision.com\/index.php?rest_route=\/wp\/v2\/posts\/92490\/revisions"}],"wp:featuredmedia":[{"embeddable":true,"href":"https:\/\/formalprision.com\/index.php?rest_route=\/wp\/v2\/media\/92491"}],"wp:attachment":[{"href":"https:\/\/formalprision.com\/index.php?rest_route=%2Fwp%2Fv2%2Fmedia&parent=92490"}],"wp:term":[{"taxonomy":"category","embeddable":true,"href":"https:\/\/formalprision.com\/index.php?rest_route=%2Fwp%2Fv2%2Fcategories&post=92490"},{"taxonomy":"post_tag","embeddable":true,"href":"https:\/\/formalprision.com\/index.php?rest_route=%2Fwp%2Fv2%2Ftags&post=92490"}],"curies":[{"name":"wp","href":"https:\/\/api.w.org\/{rel}","templated":true}]}}