{"id":92496,"date":"2021-10-04T17:01:51","date_gmt":"2021-10-04T22:01:51","guid":{"rendered":"http:\/\/formalprision.com\/?p=92496"},"modified":"2021-10-04T17:01:51","modified_gmt":"2021-10-04T22:01:51","slug":"el-gobierno-del-estado-promueve-la-deteccion-oportuna-del-cancer-de-mama","status":"publish","type":"post","link":"https:\/\/formalprision.com\/?p=92496","title":{"rendered":"El Gobierno del Estado promueve la detecci\u00f3n oportuna del c\u00e1ncer de mama"},"content":{"rendered":"\n<p>M\u00e9rida, Yucat\u00e1n, 4 de octubre de 2021.- En una suma de esfuerzos para mejorar las condiciones de vida de las mujeres, con acciones integrales, oportunas y gratuitas, como ha instruido el gobernador Mauricio Vila Dosal, se efectuar\u00e1 durante octubre la campa\u00f1a \u00abJuntas y juntos contra el c\u00e1ncer de mama\u201d.<\/p>\n\n\n\n<p>Este esquema es resultado del trabajo coordinado entre el Sistema para el Desarrollo Integral de la Familia (DIF) y las Secretar\u00edas de las Mujeres (Semujeres), Salud (SSY), Desarrollo Social (Sedesol) y Educaci\u00f3n (Segey), para que las acciones en favor del sector lleguen a todos los rincones de Yucat\u00e1n.<\/p>\n\n\n\n<p>Juan Barea Canul, encargado de la Direcci\u00f3n General del DIF, se\u00f1al\u00f3 que, para esta administraci\u00f3n, es prioridad brindar atenci\u00f3n integral y de calidad a todas las habitantes de la entidad, a trav\u00e9s de servicios que favorezcan su bienestar y una mejor calidad de vida.<\/p>\n\n\n\n<p>\u201cAcciones como estas promueven la vida plena, no s\u00f3lo de las mujeres, sino tambi\u00e9n la de sus familias, ya que promueve la detecci\u00f3n oportuna del c\u00e1ncer de mama y la concientizaci\u00f3n de la poblaci\u00f3n, identificando los factores que puedan poner en riesgo su salud\u201d, se\u00f1al\u00f3.<\/p>\n\n\n\n<p>Se compartir\u00e1 informaci\u00f3n en espa\u00f1ol y maya, pl\u00e1ticas, c\u00e1psulas, conferencias virtuales y jornadas de salud en municipios, a lo que a\u00f1adi\u00f3 que \u201dmanteniendo las medidas sanitarias, el DIF Yucat\u00e1n ampliar\u00e1 la cobertura de los servicios enfocados en la sensibilizaci\u00f3n, prevenci\u00f3n y atenci\u00f3n de las mujeres\u00bb.<\/p>\n\n\n\n<p>Por su parte, Mar\u00eda Cristina Castillo Espinosa, titular de la Semujeres, reconoci\u00f3 la uni\u00f3n de esfuerzos y el trabajo coordinado entre las dependencias de Gobierno, para trabajar por que las mujeres tengan a su alcance servicios de calidad, con un trato sensible, c\u00e1lido y humano.<\/p>\n\n\n\n<p>\u201cSeguiremos fortaleciendo las alianzas que permitan que las acciones en favor de la salud de las mujeres lleguen a todos los rincones del estado, ya que s\u00f3lo as\u00ed seguiremos transformando la calidad de vida de quienes viven en Yucat\u00e1n\u201d, dijo.<\/p>\n\n\n\n<p>Destac\u00f3 tambi\u00e9n que, en el marco del 19 de octubre, D\u00eda Internacional de la Lucha contra el C\u00e1ncer de Mama, la instancia a su cargo se suma con talleres presenciales y virtuales para promover la detecci\u00f3n, el autocuidado y tanto la prevenci\u00f3n como la atenci\u00f3n de las violencias.<\/p>\n\n\n\n<p>\u201cInvitamos a las mujeres y la poblaci\u00f3n en general a participar en estas acciones. Tengan la seguridad de que el Gobierno del Estado no escatimar\u00e1 esfuerzos para garantizar una mejor calidad de vida para ustedes y sus familias\u201d, finaliz\u00f3.<\/p>\n\n\n\n<p>Del 12 al 21, se ofrecer\u00e1 exploraciones cl\u00ednicas; mastograf\u00edas en Oxkutzcab, Sotuta, Temax, Telchac Puerto, Tixkokob y Chemax, 40 en cada municipio, y con la Asociaci\u00f3n de Mujeres Yucatecas contra el C\u00e1ncer (Amycc), 10 ultrasonidos gratuitos en Sucil\u00e1, Tahmek, Tizim\u00edn, Tinum, Dzit\u00e1s y Kantunil.<\/p>\n\n\n\n<p>A trav\u00e9s del Facebook de la Semujeres, con el prop\u00f3sito de sensibilizar y concientizar sobre la detecci\u00f3n temprana, el mi\u00e9rcoles 6, se efectuar\u00e1 el c\u00edrculo de reflexi\u00f3n \u201cYo soy otro t\u00fa, t\u00fa eres otro yo\u201d, y el jueves 7, la conferencia \u201cHablar de inteligencia emocional es hablar de autocuidado\u201d, ambos a las 18:00 horas.<\/p>\n\n\n\n<p>El viernes 8, la Unidad M\u00f3vil de Salud del DIF estar\u00e1 acerando exploraciones cl\u00ednicas a usuarias de la Semujeres, y tanto el jueves 14 como el viernes 15, a las 18:00, se impartir\u00e1 las pl\u00e1ticas \u201cMitos y realidades de la mastograf\u00eda\u201d y \u201cC\u00f3mo detectar n\u00f3dulos mamarios\u201d.<\/p>\n\n\n\n<p>Por su parte, del 20 al 29, la SSY dar\u00e1 a conocer los servicios que ofrece a mujeres, la importancia del acompa\u00f1amiento emocional con redes de apoyo, el testimonial \u201cUna historia de \u00e9xito, sobreviviendo al c\u00e1ncer\u201d y la charla \u201cMitos y realidades sobre los alimentos permitidos en pacientes con c\u00e1ncer de mama\u201d.<\/p>\n\n\n\n<p>La Sedesol se sumar\u00e1 con pl\u00e1ticas de concientizaci\u00f3n y sensibilizaci\u00f3n, a trav\u00e9s de los programas \u201cM\u00e9dico 24\/7\u201d y \u201cM\u00e9dico a domicilio\u201d, mientras que la Segey llevar\u00e1 a cabo diferentes acciones entre sus colaboradores, como la entrega de lazos y cubrebocas rosas y mesas panel.<\/p>\n\n\n\n<p>Adem\u00e1s, colocar\u00e1 mensajes alusivos en lugares estrat\u00e9gicos de sus instalaciones, e invitar\u00e1 a escuelas y Centros de Desarrollo Educativo (CEDE) a promover estas actividades, mediante peri\u00f3dicos murales y fotograf\u00edas en redes sociales, con los hashtags #SegeySeCuida y #UnidosContraElC\u00e1ncerDeMama. (Comunicado de Prensa) <\/p>\n","protected":false},"excerpt":{"rendered":"<p>M\u00e9rida, Yucat\u00e1n, 4 de octubre de 2021.- En una suma de esfuerzos para mejorar las condiciones de vida de las mujeres, con acciones integrales, oportunas y gratuitas, como ha instruido<\/p>\n","protected":false},"author":1,"featured_media":92497,"comment_status":"open","ping_status":"open","sticky":false,"template":"","format":"standard","meta":{"jetpack_post_was_ever_published":false,"_jetpack_newsletter_access":"","_jetpack_dont_email_post_to_subs":false,"_jetpack_newsletter_tier_id":0,"_jetpack_memberships_contains_paywalled_content":false,"_jetpack_memberships_contains_paid_content":false,"footnotes":"","jetpack_publicize_message":"En el D\u00eda Internacional de la Lucha contra esta enfermedad, suman esfuerzos DIF, Semujeres, SSY, Sedesol y Segey, para fomentar el bienestar integral de las mujeres.","jetpack_publicize_feature_enabled":true,"jetpack_social_post_already_shared":true,"jetpack_social_options":{"image_generator_settings":{"template":"highway","default_image_id":0,"font":"","enabled":false},"version":2}},"categories":[14],"tags":[],"class_list":["post-92496","post","type-post","status-publish","format-standard","has-post-thumbnail","hentry","category-merida"],"jetpack_publicize_connections":[],"jetpack_featured_media_url":"https:\/\/formalprision.com\/wp-content\/uploads\/2021\/10\/Screenshot_20211004_170045.jpg","jetpack_sharing_enabled":true,"jetpack_shortlink":"https:\/\/wp.me\/p6id8p-o3S","_links":{"self":[{"href":"https:\/\/formalprision.com\/index.php?rest_route=\/wp\/v2\/posts\/92496","targetHints":{"allow":["GET"]}}],"collection":[{"href":"https:\/\/formalprision.com\/index.php?rest_route=\/wp\/v2\/posts"}],"about":[{"href":"https:\/\/formalprision.com\/index.php?rest_route=\/wp\/v2\/types\/post"}],"author":[{"embeddable":true,"href":"https:\/\/formalprision.com\/index.php?rest_route=\/wp\/v2\/users\/1"}],"replies":[{"embeddable":true,"href":"https:\/\/formalprision.com\/index.php?rest_route=%2Fwp%2Fv2%2Fcomments&post=92496"}],"version-history":[{"count":0,"href":"https:\/\/formalprision.com\/index.php?rest_route=\/wp\/v2\/posts\/92496\/revisions"}],"wp:featuredmedia":[{"embeddable":true,"href":"https:\/\/formalprision.com\/index.php?rest_route=\/wp\/v2\/media\/92497"}],"wp:attachment":[{"href":"https:\/\/formalprision.com\/index.php?rest_route=%2Fwp%2Fv2%2Fmedia&parent=92496"}],"wp:term":[{"taxonomy":"category","embeddable":true,"href":"https:\/\/formalprision.com\/index.php?rest_route=%2Fwp%2Fv2%2Fcategories&post=92496"},{"taxonomy":"post_tag","embeddable":true,"href":"https:\/\/formalprision.com\/index.php?rest_route=%2Fwp%2Fv2%2Ftags&post=92496"}],"curies":[{"name":"wp","href":"https:\/\/api.w.org\/{rel}","templated":true}]}}