{"id":92499,"date":"2021-10-04T18:07:55","date_gmt":"2021-10-04T23:07:55","guid":{"rendered":"http:\/\/formalprision.com\/?p=92499"},"modified":"2021-10-04T18:07:55","modified_gmt":"2021-10-04T23:07:55","slug":"acuerda-merida-nuevos-proyectos-urbanos-y-culturales-con-sudamerica","status":"publish","type":"post","link":"https:\/\/formalprision.com\/?p=92499","title":{"rendered":"Acuerda M\u00e9rida nuevos proyectos urbanos y culturales con Sudam\u00e9rica"},"content":{"rendered":"\n<p>M\u00e9rida, Yucat\u00e1n a 4 de octubre de 2021.- Con retos similares por el acelerado crecimiento en los rubros de desarrollo social y urbano que tienen las ciudades de Brasil y M\u00e9rida, los mun\u00edcipes acordamos hoy establecer un acuerdo de colaboraci\u00f3n que permita implementar soluciones estrat\u00e9gicas en temas como movilidad, espacios p\u00fablicos, circuitos de enlaces y art\u00edsticos, inform\u00f3 el alcalde, Ren\u00e1n Barrera Concha.<\/p>\n\n\n\n<p>En el marco de la visita que realizaron este medio d\u00eda los alcaldes Duarte Nogueira, de Ribeirao Preto, Sao Paulo, Junynho Martins, de Ribeirao das Neves, Minas Gerais, Kayo Amado, Alcalde de Sao Vicente, Sao Paulo, y Paulo Oliveira, Coordinador Frente Nacional de Alcaldes, intercambiaron impresiones con el alcalde Ren\u00e1n Barrera sobre los retos que enfrentan sus ciudades, sobre todo por el impulso que tienen en su infraestructura tecnol\u00f3gica.<\/p>\n\n\n\n<p>\u201cCon esta oportunidad de realizar encuentros que ofrece el Congreso Smart City con los alcaldes de otras ciudades, vemos que este tema no se refiere exclusivamente a componentes de tecnolog\u00eda o automatizaci\u00f3n, sino que implica el desarrollo eficiente de elementos como la planeaci\u00f3n y el desarrollo urbano, la generaci\u00f3n y uso de energ\u00edas limpias, el manejo de los residuos s\u00f3lidos y l\u00edquidos, la movilidad urbana, el espacio p\u00fablico, el cuidado y manejo del agua, el medio ambiente, la educaci\u00f3n, la salud, la seguridad, la econom\u00eda, entre otros\u201d, expres\u00f3.<\/p>\n\n\n\n<p>Explic\u00f3 que el punto de acuerdo entre ellos fue una nueva reuni\u00f3n donde se logr\u00e9 identificar dos o tres l\u00edneas de trabajo que permitan detectar las \u00e1reas de oportunidad, de las cuales partir\u00edan las bases para el acuerdo de colaboraci\u00f3n.<\/p>\n\n\n\n<p>Asimismo, indic\u00f3 que los alcaldes brasile\u00f1os que participar\u00e1n en el Congreso Smart City en los siguientes d\u00edas, realizaron esta visita ya que previamente estudiaron las similitudes entre las ciudades, permitiendo elaborar una lista de temas en donde podr\u00edan aplicar opciones de soluci\u00f3n ante los retos comunes.<\/p>\n\n\n\n<p>\u201cAdem\u00e1s, el alcalde de Ribeirao Preto consider\u00f3 que M\u00e9rida tiene similitudes con su ciudad, en cuanto a tama\u00f1o y morfolog\u00eda, raz\u00f3n por la cual se mostr\u00f3 m\u00e1s interesado en esta colaboraci\u00f3n\u201d, destac\u00f3.<\/p>\n\n\n\n<p>Indic\u00f3 que este acuerdo de colaboraci\u00f3n resulta atractivo para M\u00e9rida ya que podr\u00e1 explorar modelos de inversi\u00f3n para la innovaci\u00f3n urbana que estas ciudades est\u00e1n generando a trav\u00e9s de presupuestos adicionales con un doble fin: activar la econom\u00eda despu\u00e9s de la pandemia e incidir en temas estrat\u00e9gicos.&nbsp;<\/p>\n\n\n\n<p>Por su parte, consider\u00f3 que las principales aportaciones que har\u00eda la administraci\u00f3n municipal a las ciudades brasile\u00f1as son los modelos ya consolidados como son mejora regulatoria, transparencia y Catastro (georreferenciaci\u00f3n, base jur\u00eddica, innovaci\u00f3n en tramitolog\u00eda).<\/p>\n\n\n\n<p>Finalmente, dijo que esta colaboraci\u00f3n representa una gran oportunidad para que M\u00e9rida comparta lo que sabe con estas ciudades sudamericanas y aprender lo que ellas tienen que ofrecer.<\/p>\n","protected":false},"excerpt":{"rendered":"<p>M\u00e9rida, Yucat\u00e1n a 4 de octubre de 2021.- Con retos similares por el acelerado crecimiento en los rubros de desarrollo social y urbano que tienen las ciudades de Brasil y<\/p>\n","protected":false},"author":1,"featured_media":92500,"comment_status":"open","ping_status":"open","sticky":false,"template":"","format":"standard","meta":{"jetpack_post_was_ever_published":false,"_jetpack_newsletter_access":"","_jetpack_dont_email_post_to_subs":false,"_jetpack_newsletter_tier_id":0,"_jetpack_memberships_contains_paywalled_content":false,"_jetpack_memberships_contains_paid_content":false,"footnotes":"","jetpack_publicize_message":"El encuentro con los alcaldes de Brasil con Ren\u00e1n Barrera abre oportunidades de desarrollar proyectos innovadores\n\n","jetpack_publicize_feature_enabled":true,"jetpack_social_post_already_shared":true,"jetpack_social_options":{"image_generator_settings":{"template":"highway","default_image_id":0,"font":"","enabled":false},"version":2}},"categories":[14],"tags":[],"class_list":["post-92499","post","type-post","status-publish","format-standard","has-post-thumbnail","hentry","category-merida"],"jetpack_publicize_connections":[],"jetpack_featured_media_url":"https:\/\/formalprision.com\/wp-content\/uploads\/2021\/10\/04a852e8-265c-4931-84d1-aebbf52ab5d2.jpg","jetpack_sharing_enabled":true,"jetpack_shortlink":"https:\/\/wp.me\/p6id8p-o3V","_links":{"self":[{"href":"https:\/\/formalprision.com\/index.php?rest_route=\/wp\/v2\/posts\/92499","targetHints":{"allow":["GET"]}}],"collection":[{"href":"https:\/\/formalprision.com\/index.php?rest_route=\/wp\/v2\/posts"}],"about":[{"href":"https:\/\/formalprision.com\/index.php?rest_route=\/wp\/v2\/types\/post"}],"author":[{"embeddable":true,"href":"https:\/\/formalprision.com\/index.php?rest_route=\/wp\/v2\/users\/1"}],"replies":[{"embeddable":true,"href":"https:\/\/formalprision.com\/index.php?rest_route=%2Fwp%2Fv2%2Fcomments&post=92499"}],"version-history":[{"count":0,"href":"https:\/\/formalprision.com\/index.php?rest_route=\/wp\/v2\/posts\/92499\/revisions"}],"wp:featuredmedia":[{"embeddable":true,"href":"https:\/\/formalprision.com\/index.php?rest_route=\/wp\/v2\/media\/92500"}],"wp:attachment":[{"href":"https:\/\/formalprision.com\/index.php?rest_route=%2Fwp%2Fv2%2Fmedia&parent=92499"}],"wp:term":[{"taxonomy":"category","embeddable":true,"href":"https:\/\/formalprision.com\/index.php?rest_route=%2Fwp%2Fv2%2Fcategories&post=92499"},{"taxonomy":"post_tag","embeddable":true,"href":"https:\/\/formalprision.com\/index.php?rest_route=%2Fwp%2Fv2%2Ftags&post=92499"}],"curies":[{"name":"wp","href":"https:\/\/api.w.org\/{rel}","templated":true}]}}