{"id":9250,"date":"2010-09-26T18:55:00","date_gmt":"2010-09-26T18:55:00","guid":{"rendered":"http:\/\/formalprision.info\/2010\/09\/26\/llora-mucho-karina-la-gigante-peruana\/"},"modified":"2015-06-03T09:00:41","modified_gmt":"2015-06-03T09:00:41","slug":"llora-mucho-karina-la-gigante-peruana","status":"publish","type":"post","link":"https:\/\/formalprision.com\/?p=9250","title":{"rendered":"Llora mucho Karina, la gigante peruana del asalto a Altabrisa"},"content":{"rendered":"<p><a href=\"http:\/\/4.bp.blogspot.com\/_QwiJz8zwaOw\/TJ9-ZfCpsMI\/AAAAAAAABnc\/58XDk6KaTf8\/s1600\/GetAttachment%5B5%5D.jpg\"><img decoding=\"async\" id=\"BLOGGER_PHOTO_ID_5521270644473966786\" style=\"FLOAT: left; MARGIN: 0px 10px 10px 0px; WIDTH: 113px; CURSOR: hand; HEIGHT: 160px\" alt=\"\" src=\"http:\/\/formalprision.com\/wp-content\/uploads\/2010\/09\/GetAttachment5.jpg\" border=\"0\" \/><\/a><\/p>\n<div><\/p>\n<div>ANDREA KARINA LOMAZZI VIERA. (a) Karina, detenida junto con el cerebro de la banda de asaltantes de Altabrisa, se niega a revelar su verdadera nacionalidad.<\/div>\n<p><\/p>\n<div>Le ha dicho a la Procuradur\u00eda General de Justicia del Estado que naci\u00f3 en Per\u00fa, pero que vivi\u00f3 mucho tiempo en Uruguay, aunque primero dijo que era mexicana, que porque ya comi\u00f3 longaniza del pa\u00eds.<\/div>\n<p><\/p>\n<div>Por tal motivo, la PGJE ya notific\u00f3 al Instituto Nacional de Migraci\u00f3n, la que dirige el gordo Benito Rosel Isaac, para saber cu\u00e1ndo entr\u00f3 al pa\u00eds y de d\u00f3nde procede.<\/div>\n<p><\/p>\n<div>Esta chavala tiene unos 33 a\u00f1os de edad y es gigantona, pues mide 1.86 metros de estatura, siendo m\u00e1s alta que casi todos los polis que la detuvieron.<\/div>\n<p><\/p>\n<div>A pesar de que est\u00e1 grandota la condenada, ayer que la presentaron a los medios se ech\u00f3 sus lagrimitas, pues la \u00fanica vez que pos\u00f3 para las c\u00e1maras fue cuando le sacaron su pasaporte all\u00e1 en Per\u00fa. pero los fot\u00f3grafos no estaban tan feos como los de por este lado.<\/div>\n<div>La mujerona no ha parado de llorar desde que lelg\u00f3 al Ventrod e Arraigo en la PGJE<\/div>\n<p><\/p>\n<div>La Karina fue detenida junto con FRANCISCO JOS\u00c9 P\u00c9REZ JANEIRO (A) \u201cPierroth\u201d, quien se parece m\u00e1s al personaje que interpret\u00f3 Antonio Banderas en la pel\u00edcula Pistolero.<\/div>\n<div><\/div>\n<\/div>\n","protected":false},"excerpt":{"rendered":"<p>ANDREA KARINA LOMAZZI VIERA. (a) Karina, detenida junto con el cerebro de la banda de asaltantes de Altabrisa, se niega a revelar su verdadera nacionalidad. Le ha dicho a la<\/p>\n","protected":false},"author":1,"featured_media":28318,"comment_status":"open","ping_status":"open","sticky":false,"template":"","format":"standard","meta":{"jetpack_post_was_ever_published":false,"_jetpack_newsletter_access":"","_jetpack_dont_email_post_to_subs":false,"_jetpack_newsletter_tier_id":0,"_jetpack_memberships_contains_paywalled_content":false,"_jetpack_memberships_contains_paid_content":false,"footnotes":"","jetpack_publicize_message":"","jetpack_publicize_feature_enabled":true,"jetpack_social_post_already_shared":false,"jetpack_social_options":{"image_generator_settings":{"template":"highway","default_image_id":0,"font":"","enabled":false},"version":2}},"categories":[48,3,57,1],"tags":[],"class_list":["post-9250","post","type-post","status-publish","format-standard","has-post-thumbnail","hentry","category-pecadoras","category-portada","category-ratas","category-sin-categoria"],"jetpack_publicize_connections":[],"jetpack_featured_media_url":"https:\/\/formalprision.com\/wp-content\/uploads\/2010\/09\/GetAttachment5.jpg","jetpack_sharing_enabled":true,"jetpack_shortlink":"https:\/\/wp.me\/p6id8p-2pc","_links":{"self":[{"href":"https:\/\/formalprision.com\/index.php?rest_route=\/wp\/v2\/posts\/9250","targetHints":{"allow":["GET"]}}],"collection":[{"href":"https:\/\/formalprision.com\/index.php?rest_route=\/wp\/v2\/posts"}],"about":[{"href":"https:\/\/formalprision.com\/index.php?rest_route=\/wp\/v2\/types\/post"}],"author":[{"embeddable":true,"href":"https:\/\/formalprision.com\/index.php?rest_route=\/wp\/v2\/users\/1"}],"replies":[{"embeddable":true,"href":"https:\/\/formalprision.com\/index.php?rest_route=%2Fwp%2Fv2%2Fcomments&post=9250"}],"version-history":[{"count":0,"href":"https:\/\/formalprision.com\/index.php?rest_route=\/wp\/v2\/posts\/9250\/revisions"}],"wp:featuredmedia":[{"embeddable":true,"href":"https:\/\/formalprision.com\/index.php?rest_route=\/wp\/v2\/media\/28318"}],"wp:attachment":[{"href":"https:\/\/formalprision.com\/index.php?rest_route=%2Fwp%2Fv2%2Fmedia&parent=9250"}],"wp:term":[{"taxonomy":"category","embeddable":true,"href":"https:\/\/formalprision.com\/index.php?rest_route=%2Fwp%2Fv2%2Fcategories&post=9250"},{"taxonomy":"post_tag","embeddable":true,"href":"https:\/\/formalprision.com\/index.php?rest_route=%2Fwp%2Fv2%2Ftags&post=9250"}],"curies":[{"name":"wp","href":"https:\/\/api.w.org\/{rel}","templated":true}]}}