{"id":92508,"date":"2021-10-04T19:46:56","date_gmt":"2021-10-05T00:46:56","guid":{"rendered":"http:\/\/formalprision.com\/?p=92508"},"modified":"2021-10-04T19:46:56","modified_gmt":"2021-10-05T00:46:56","slug":"mauricio-vila-y-renan-barrera-entregan-obras-en-la-comisaria-de-noc-ac","status":"publish","type":"post","link":"https:\/\/formalprision.com\/?p=92508","title":{"rendered":"Mauricio Vila y Ren\u00e1n Barrera entregan obras en la comisar\u00eda de Noc Ac"},"content":{"rendered":"\n<p>M\u00e9rida, Yucat\u00e1n, 4 de septiembre de 2021.- El trabajo coordinado entre el Gobierno del Estado, el Ayuntamiento de M\u00e9rida y la participaci\u00f3n ciudadana ha sido fundamental en la priorizaci\u00f3n de las necesidades que existen en el municipio, atendi\u00e9ndolas a trav\u00e9s de la suma de voluntades y el empe\u00f1\u00f3 en evitar el rezago social en la entidad.<\/p>\n\n\n\n<p>Esto&nbsp; qued\u00f3 de manifiesto esta ma\u00f1ana en la comisar\u00eda de Noc Ac, donde el gobernador Mauricio Vila Dosal y el alcalde, Ren\u00e1n Barrera Concha, entregaron las obras de rehabilitaci\u00f3n de vialidades y del parque principal en esta comunidad.&nbsp;<\/p>\n\n\n\n<p>Este conjunto de obras forma parte de los trabajos de rehabilitaci\u00f3n de los espacios p\u00fablicos del poblado, que presentaron da\u00f1os por las inundaciones ocasionadas el a\u00f1o pasado por el paso de los fen\u00f3menos meteorol\u00f3gicos \u201cCrist\u00f3bal\u201d, \u201cGamma\u201d, \u201cDelta\u201d y \u201cZeta\u201d.<\/p>\n\n\n\n<p>En su mensaje, Vila Dosal remarc\u00f3 que con gobiernos responsables, eficientes y que trabajan de manera coordinada, es la f\u00f3rmula para salir adelante ante adversidades tan dif\u00edciles, como lo fueron el paso de fen\u00f3menos naturales&nbsp; del a\u00f1o pasado, unto con la pandemia por Coronavirus, por lo que reiter\u00f3 que el Gobierno del Estado y el Ayuntamiento de M\u00e9rida continuar\u00e1n trabajando de esta forma en bienestar de las familias que m\u00e1s lo necesiten.<\/p>\n\n\n\n<p>\u201cAqu\u00ed estuvimos desde el primer momento, el Gobierno del Estado y el Ayuntamiento de M\u00e9rida trabajando de manera coordinada y para nosotros era muy importante tambi\u00e9n reactivar el \u00e1nimo de la comisar\u00eda de Noc-Ac, por eso, en conjunto con el Ayuntamiento, emprendimos diversos apoyos para respaldar a los habitantes y quiero felicitar al alcalde porque lo que hoy se ve en Noc-Ac con el renovado parque y la rehabilitaci\u00f3n de calles, es una atenci\u00f3n completa a la poblaci\u00f3n\u201d, afirm\u00f3 durante su tercera visita a esta comisar\u00eda meridana, la cual result\u00f3 la m\u00e1s afectada por las intensas lluvias en 2020.<\/p>\n\n\n\n<p>Acompa\u00f1ado del titular de la Secretar\u00eda de Desarrollo Social (Sedesol), Roger Torres Peniche, Vila Dosal record\u00f3 que, para apoyar a las familias que, en sus viviendas presentaron importantes inundaciones a causa de las 3 tormentas tropicales y 2 huracanes que pasaron por el estado en 2020, se pusieron en marcha programas como \u201cPintando tu fachada\u201d para pintar el frente de su vivienda. Esquema que cubri\u00f3 29 comisar\u00edas y 2 fraccionamientos de las zonas de M\u00e9rida que resultaron m\u00e1s afectadas.<\/p>\n\n\n\n<p>De igual forma, abund\u00f3, con el esquema \u201cSeguridad Alimentaria\u201d, que conformaron un s\u00f3lido y significativo apoyo para los habitantes de comisar\u00edas y zonas vulnerables de M\u00e9rida que enfrentaban dificultades para cubrir las necesidades alimentarias de sus familias con la entrega de comida como carne de pollo y huevo.<\/p>\n\n\n\n<p>\u201cEsta entrega es el fruto del trabajo coordinado de todos los que estamos aqu\u00ed y alcalde, vamos a seguir trabajando juntos, para construir un mejor Noc-Ac, una mejor M\u00e9rida y, por supuesto, un mejor Yucat\u00e1n\u201d, finaliz\u00f3 el gobernador en presencia de la comisaria de Noc-Ac, Mar\u00eda Gloria Ek.<\/p>\n\n\n\n<p>Por su parte, David Lor\u00eda Magdub, director de Obras P\u00fablicas, inform\u00f3 que en la rehabilitaci\u00f3n de vialidades se ejecutaron 1,097.00 metros lineales equivalentes a 7,991.23 m2, con una inversi\u00f3n de $ 2 millones 753 mil 173.60, provenientes de la primera priorizaci\u00f3n del 2021 del recurso de Infraestructura Ramo 33.<\/p>\n\n\n\n<p>En el parque se rehabilit\u00f3 el \u00e1rea infantil sustituyendo la arena por pasto sint\u00e9tico, se instal\u00f3 un m\u00f3dulo l\u00fadico para 40 ni\u00f1os, un juego infantil inclusivo, sube y baja con asientos dobles y se dio mantenimiento a cinco de los ocho juegos met\u00e1licos existentes, as\u00ed como se redistribuyeron en esa \u00e1rea.<\/p>\n\n\n\n<p>Se instalaron dos tenso estructuras de diferentes alturas con velarias de membranas arquitect\u00f3nicas e iluminaci\u00f3n a base de reflectores, un \u00e1rea de picnic con piso de adocreto y con tres mesas para seis personas cada una, una plaza de usos m\u00faltiples con piso de concreto con acabado estucado, estacionamiento para bicicletas y se realiz\u00f3 el sembrado de tres \u00e1rboles de la especie makulis rosa.<\/p>\n\n\n\n<p>Otros trabajos son el equipamiento de botes de basura y papeleras para excremento canino, mantenimiento a la caseta subterr\u00e1nea de bombeo, manguera industrial para riego e instalaci\u00f3n de un parabus de acero inoxidable.<\/p>\n\n\n\n<p>La inversi\u00f3n en la rehabilitaci\u00f3n del parque fue de $ 1 mill\u00f3n 555 mil 388.23 provenientes de recursos de infraestructura autorizada en la primera priorizaci\u00f3n del 2021 del Comit\u00e9 de Participaci\u00f3n Ciudadana del Ramo 33.<\/p>\n","protected":false},"excerpt":{"rendered":"<p>M\u00e9rida, Yucat\u00e1n, 4 de septiembre de 2021.- El trabajo coordinado entre el Gobierno del Estado, el Ayuntamiento de M\u00e9rida y la participaci\u00f3n ciudadana ha sido fundamental en la priorizaci\u00f3n de<\/p>\n","protected":false},"author":1,"featured_media":92509,"comment_status":"open","ping_status":"open","sticky":false,"template":"","format":"standard","meta":{"jetpack_post_was_ever_published":false,"_jetpack_newsletter_access":"","_jetpack_dont_email_post_to_subs":false,"_jetpack_newsletter_tier_id":0,"_jetpack_memberships_contains_paywalled_content":false,"_jetpack_memberships_contains_paid_content":false,"footnotes":"","jetpack_publicize_message":"","jetpack_publicize_feature_enabled":true,"jetpack_social_post_already_shared":true,"jetpack_social_options":{"image_generator_settings":{"template":"highway","default_image_id":0,"font":"","enabled":false},"version":2}},"categories":[17],"tags":[],"class_list":["post-92508","post","type-post","status-publish","format-standard","has-post-thumbnail","hentry","category-politica-y-gobierno"],"jetpack_publicize_connections":[],"jetpack_featured_media_url":"https:\/\/formalprision.com\/wp-content\/uploads\/2021\/10\/Foto-1.jpg","jetpack_sharing_enabled":true,"jetpack_shortlink":"https:\/\/wp.me\/p6id8p-o44","_links":{"self":[{"href":"https:\/\/formalprision.com\/index.php?rest_route=\/wp\/v2\/posts\/92508","targetHints":{"allow":["GET"]}}],"collection":[{"href":"https:\/\/formalprision.com\/index.php?rest_route=\/wp\/v2\/posts"}],"about":[{"href":"https:\/\/formalprision.com\/index.php?rest_route=\/wp\/v2\/types\/post"}],"author":[{"embeddable":true,"href":"https:\/\/formalprision.com\/index.php?rest_route=\/wp\/v2\/users\/1"}],"replies":[{"embeddable":true,"href":"https:\/\/formalprision.com\/index.php?rest_route=%2Fwp%2Fv2%2Fcomments&post=92508"}],"version-history":[{"count":0,"href":"https:\/\/formalprision.com\/index.php?rest_route=\/wp\/v2\/posts\/92508\/revisions"}],"wp:featuredmedia":[{"embeddable":true,"href":"https:\/\/formalprision.com\/index.php?rest_route=\/wp\/v2\/media\/92509"}],"wp:attachment":[{"href":"https:\/\/formalprision.com\/index.php?rest_route=%2Fwp%2Fv2%2Fmedia&parent=92508"}],"wp:term":[{"taxonomy":"category","embeddable":true,"href":"https:\/\/formalprision.com\/index.php?rest_route=%2Fwp%2Fv2%2Fcategories&post=92508"},{"taxonomy":"post_tag","embeddable":true,"href":"https:\/\/formalprision.com\/index.php?rest_route=%2Fwp%2Fv2%2Ftags&post=92508"}],"curies":[{"name":"wp","href":"https:\/\/api.w.org\/{rel}","templated":true}]}}