{"id":92532,"date":"2021-10-05T14:26:44","date_gmt":"2021-10-05T19:26:44","guid":{"rendered":"http:\/\/formalprision.com\/?p=92532"},"modified":"2021-10-05T23:57:32","modified_gmt":"2021-10-06T04:57:32","slug":"natalia-sosa-se-presentara-con-la-obra-de-teatro-musical-la-ultima-carta","status":"publish","type":"post","link":"https:\/\/formalprision.com\/?p=92532","title":{"rendered":"Natalia Sosa se presentar\u00e1 con la Obra de teatro musical &#8216;La \u00daltima Carta&#8217;"},"content":{"rendered":"\n<p>La compa\u00f1\u00eda de Teatro Pinz\u00f3n Music presentar\u00e1 en corta temporada la puesta en escena \u201cLa \u00daltima Carta\u201d, una propuesta original escrita y dirigida por Rodrigo Pinz\u00f3n, con actuaciones de alta calidad acompa\u00f1ados de m\u00fasicos en vivo, con un elenco yucateco y la actuaci\u00f3n especial de la actriz y cantante Natalia Sosa, como invitada estelar.<\/p>\n\n\n\n<p>En conferencia de prensa, Natalia Sosa dijo que est\u00e1 muy emocionada y feliz de ser parte de esta producci\u00f3n.<\/p>\n\n\n\n<p>\u00abMe da la oportunidad de abarcar temas de conciencia a nivel mundial como el suicidio, el abuso, las drogas, etc\u00e9tera, temas que desgraciadamente son tan comunes y hoy tenemos la oportunidad de dar un mensaje de ayuda y apoyo, servir a trav\u00e9s del arte es lo que me apasiona\u201d, mencion\u00f3 en conferencia de prensa en el Foro Cultural Pinz\u00f3n.<\/p>\n\n\n\n<p>Natalia Sosa cuenta con una amplia experiencia de m\u00e1s de 25 a\u00f1os como protagonista de m\u00e1s de 18 musicales en los que se destacan: Los Miserables, Spamalot, Cats, Mentiras, etc. Ganadora del OTI 2000, voz oficial de Cenicienta en latinoam\u00e9rica y particip\u00f3 en la cuarta emisi\u00f3n de la Voz M\u00e9xico.<\/p>\n\n\n\n<p>En la conferencia de prensa participaron tambi\u00e9n Rodrigo Pinz\u00f3n, el Dr. Victor Chan Sabido, Javier Alcal\u00e1 y Ana Barrera.<\/p>\n\n\n\n<p>Bajo el cobijo de Rodrigo Pinz\u00f3n Sol\u00eds como director, escritor y productor, la obra se desarrolla durante 90 minutos donde las historias que se presentar\u00e1n dejar\u00e1n un mensaje diferente de las vivencias de cada protagonista.<\/p>\n\n\n\n<p>Rese\u00f1a:<\/p>\n\n\n\n<p>Mar\u00eda es la hija \u00fanica de una familia que atraviesa por dificultades econ\u00f3micas, el padre tiene que sostener dos trabajos para poder solventar los gastos familiares ya que no pudo terminar sus estudios debido al embarazo no deseado de su esposa, raz\u00f3n de todas sus frustraciones y no pierde oportunidad para echarlo en cara.<\/p>\n\n\n\n<p>Gallito es un joven deportista que est\u00e1 camino hacia el \u00e9xito y la fama en el box profesional, con una pelea muy importante en la que que puede ser catapultado al \u00e9xito, el desgaste f\u00edsico y la presi\u00f3n del padre por ver cumplido sus propios sue\u00f1os han llevado a gallito a consumir drogas para poder soportar el ritmo de los entrenamientos.<\/p>\n\n\n\n<figure class=\"wp-block-image size-large\"><a href=\"http:\/\/formalprision.com\/wp-content\/uploads\/2021\/10\/RPFORO5.jpeg\"><img loading=\"lazy\" decoding=\"async\" width=\"1024\" height=\"768\" src=\"http:\/\/formalprision.com\/wp-content\/uploads\/2021\/10\/RPFORO5-1024x768.jpeg\" alt=\"\" class=\"wp-image-92534\" srcset=\"https:\/\/formalprision.com\/wp-content\/uploads\/2021\/10\/RPFORO5-1024x768.jpeg 1024w, https:\/\/formalprision.com\/wp-content\/uploads\/2021\/10\/RPFORO5-300x225.jpeg 300w, https:\/\/formalprision.com\/wp-content\/uploads\/2021\/10\/RPFORO5-768x576.jpeg 768w, https:\/\/formalprision.com\/wp-content\/uploads\/2021\/10\/RPFORO5-1536x1152.jpeg 1536w, https:\/\/formalprision.com\/wp-content\/uploads\/2021\/10\/RPFORO5-200x150.jpeg 200w, https:\/\/formalprision.com\/wp-content\/uploads\/2021\/10\/RPFORO5.jpeg 1600w\" sizes=\"auto, (max-width: 1024px) 100vw, 1024px\" \/><\/a><\/figure>\n\n\n\n<p>El elenco est\u00e1 integrado por: Abraham Soloveichik, Andrea Ca\u00f1edo, Jorge Valladares, Melisa Gonz\u00e1lez, Javier Alcal\u00e1, Munir Eljure, Roberto Pacheco, Olga Trucios, Mercedes Hern\u00e1ndez, Aeda P\u00e9rez, Andrea V\u00e1zquez y Manuel Salas con la participaci\u00f3n especial de Natalia Sosa bajo la direcci\u00f3n coreogr\u00e1fica de Ana Barrera, Direcci\u00f3n esc\u00e9nica de Ilse Morf\u00edn, producci\u00f3n de Rodrigo Pinz\u00f3n y 4 Corners Group.<\/p>\n\n\n\n<p>Tambi\u00e9n anunciaron que la obra \u201cLa \u00faltima carta\u201d iniciar\u00e1 con una gira a nivel nacional al terminar la temporada en M\u00e9rida.<\/p>\n\n\n\n<p>Pinz\u00f3n Music compa\u00f1\u00eda de teatro, cuenta con tres producciones tituladas: \u201cEn Busca de la Navidad\u201d, \u201cRegreso a Casa\u201d y \u201cLa \u00daltima Carta\u201d las cuales se han presentado en ciudades como M\u00e9rida, Campeche, Canc\u00fan, Pachuca, Quer\u00e9taro, Toluca, Coatzacoalcos y Ciudad de M\u00e9xico.<\/p>\n\n\n\n<p>Ha tenido como invitados especiales en sus producciones a Mar\u00eda del Sol, Natalia L\u00f3pez Ayuso, Nadia y Ra\u00fal Sandoval. Las obras han alcanzado m\u00e1s de 45,000 personas con llenos totales en las ciudades donde se han presentado.<\/p>\n\n\n\n<p>\u00abLa \u00daltima Carta se presentar\u00e1 los s\u00e1bados 6, 13, 20 y 27 de noviembre a las 6:00 y 8:30 pm. Boletos en la taquilla del Foro cultural Pinz\u00f3n Music, con un precio de 200 pesos.<\/p>\n\n\n\n<p>El Foro Cultural Pinz\u00f3n se ubica en calle 15 n\u00famero 94-B con 28 de la colonia Yucat\u00e1n. Cuenta con todos los protocolos de salud y medidas de sanidad para la seguridad de los asistentes.<\/p>\n","protected":false},"excerpt":{"rendered":"<p>La compa\u00f1\u00eda de Teatro Pinz\u00f3n Music presentar\u00e1 en corta temporada la puesta en escena \u201cLa \u00daltima Carta\u201d, una propuesta original escrita y dirigida por Rodrigo Pinz\u00f3n, con actuaciones de alta<\/p>\n","protected":false},"author":2,"featured_media":92535,"comment_status":"open","ping_status":"open","sticky":false,"template":"","format":"standard","meta":{"jetpack_post_was_ever_published":false,"_jetpack_newsletter_access":"","_jetpack_dont_email_post_to_subs":false,"_jetpack_newsletter_tier_id":0,"_jetpack_memberships_contains_paywalled_content":false,"_jetpack_memberships_contains_paid_content":false,"footnotes":"","jetpack_publicize_message":"\u201cLa \u00daltima Carta\" narra la historias de Mar\u00eda, una joven con muchos problemas familiares, y \"Gallito\", un joven boxeador sometido a mucha presi\u00f3n por su padre para que se convierta en campe\u00f3n.","jetpack_publicize_feature_enabled":true,"jetpack_social_post_already_shared":true,"jetpack_social_options":{"image_generator_settings":{"template":"highway","default_image_id":0,"font":"","enabled":false},"version":2}},"categories":[1589],"tags":[],"class_list":["post-92532","post","type-post","status-publish","format-standard","has-post-thumbnail","hentry","category-rotador-inferior"],"jetpack_publicize_connections":[],"jetpack_featured_media_url":"https:\/\/formalprision.com\/wp-content\/uploads\/2021\/10\/RPFORO6.jpeg","jetpack_sharing_enabled":true,"jetpack_shortlink":"https:\/\/wp.me\/p6id8p-o4s","_links":{"self":[{"href":"https:\/\/formalprision.com\/index.php?rest_route=\/wp\/v2\/posts\/92532","targetHints":{"allow":["GET"]}}],"collection":[{"href":"https:\/\/formalprision.com\/index.php?rest_route=\/wp\/v2\/posts"}],"about":[{"href":"https:\/\/formalprision.com\/index.php?rest_route=\/wp\/v2\/types\/post"}],"author":[{"embeddable":true,"href":"https:\/\/formalprision.com\/index.php?rest_route=\/wp\/v2\/users\/2"}],"replies":[{"embeddable":true,"href":"https:\/\/formalprision.com\/index.php?rest_route=%2Fwp%2Fv2%2Fcomments&post=92532"}],"version-history":[{"count":0,"href":"https:\/\/formalprision.com\/index.php?rest_route=\/wp\/v2\/posts\/92532\/revisions"}],"wp:featuredmedia":[{"embeddable":true,"href":"https:\/\/formalprision.com\/index.php?rest_route=\/wp\/v2\/media\/92535"}],"wp:attachment":[{"href":"https:\/\/formalprision.com\/index.php?rest_route=%2Fwp%2Fv2%2Fmedia&parent=92532"}],"wp:term":[{"taxonomy":"category","embeddable":true,"href":"https:\/\/formalprision.com\/index.php?rest_route=%2Fwp%2Fv2%2Fcategories&post=92532"},{"taxonomy":"post_tag","embeddable":true,"href":"https:\/\/formalprision.com\/index.php?rest_route=%2Fwp%2Fv2%2Ftags&post=92532"}],"curies":[{"name":"wp","href":"https:\/\/api.w.org\/{rel}","templated":true}]}}