{"id":92552,"date":"2021-10-06T00:16:05","date_gmt":"2021-10-06T05:16:05","guid":{"rendered":"http:\/\/formalprision.com\/?p=92552"},"modified":"2021-10-06T00:16:05","modified_gmt":"2021-10-06T05:16:05","slug":"personas-de-30-a-39-anos-de-valladolid-completan-su-esquema-de-vacunacion","status":"publish","type":"post","link":"https:\/\/formalprision.com\/?p=92552","title":{"rendered":"Personas de 30 a 39 a\u00f1os de Valladolid completan su esquema de vacunaci\u00f3n"},"content":{"rendered":"\n<p>Valladolid, Yucat\u00e1n, 5 de octubre de 2021.- Personas de 30 a 39 a\u00f1os de Valladolid, que faltaban por completar su esquema de vacunaci\u00f3n contra Coronavirus, recibieron este martes su segunda dosis de vacuna de las farmac\u00e9uticas AstraZeneca y Sinovac, en una jornada que transcurri\u00f3 de manera fluida y sin contratiempos.<\/p>\n\n\n\n<p>Desde temprana hora, habitantes en este rango de edad acudieron a los m\u00f3dulos habilitados en las Unidades Deportivas \u201cEl \u00e1guila\u201d y \u201cFernando Novelo\u201d de esa ciudad,&nbsp; con lo que este proceso contin\u00faa avanzando a buen ritmo en Yucat\u00e1n.<\/p>\n\n\n\n<p>Entre quienes recibieron&nbsp; la vacuna figur\u00f3&nbsp;<\/p>\n\n\n\n<p>Beatriz Moo Chan, quien dijo que&nbsp; su segunda dosis representa una protecci\u00f3n, no s\u00f3lo para ella, sino tambi\u00e9n para su familia, ya que diario sale a trabajar, y le preocupaba que pudiera enfermars y contagiar a sus padres o hermanos.<\/p>\n\n\n\n<p>\u00abMe siento muy feliz, era la \u00fanica que faltaba en mi casa por completar las dos dosis, aunque claro que, en mi familia, todos nos seguimos cuidando, porque la pandemia todav\u00eda sigue y no debemos bajar la guardia\u00bb, enfatiz\u00f3 la mujer.<\/p>\n\n\n\n<p>Asimismo, el estudiante de quinto semestre de enfermer\u00eda, David Dzul Cauich se present\u00f3 para que le administraran la segunda dosis de Sinovac, que no hab\u00eda podido recibir antes.<\/p>\n\n\n\n<p>\u00abEs una bendici\u00f3n que ya tengamos la vacuna, debido a que fortalecemos nuestro sistema inmunol\u00f3gico; sin embargo, es muy importante que, a pesar de que estemos vacunados, tengamos siempre presentes las medidas adecuadas de higiene y cuidado, distanciamiento social, el uso de cubrebocas; es muy importante mantenernos alerta ante todo \u00ab, recalc\u00f3.<\/p>\n\n\n\n<p>En Valladolid, la jornada de vacunaci\u00f3n se realiz\u00f3 de 8:00 a 18:00 horas, en los m\u00f3dulos antes mencionados, donde prest\u00f3 servicio el personal de los Institutos Mexicano del Seguro Social (IMSS) y de Seguridad y Servicios Sociales de los Trabajadores del Estado (Issste), en coordinaci\u00f3n con el Gobierno de Yucat\u00e1n.<\/p>\n\n\n\n<p>Hay que recordar que, en Yucat\u00e1n, ya suman m\u00e1s de 2.3 millones de dosis aplicadas de enero a la fecha, lo que representan que 1.4 millones de habitantes del estado cuentan con, al menos, una dosis efectiva y, en mayores de 40 a\u00f1os, todos ya tienen el esquema completo de vacunaci\u00f3n.<\/p>\n","protected":false},"excerpt":{"rendered":"<p>Valladolid, Yucat\u00e1n, 5 de octubre de 2021.- Personas de 30 a 39 a\u00f1os de Valladolid, que faltaban por completar su esquema de vacunaci\u00f3n contra Coronavirus, recibieron este martes su segunda<\/p>\n","protected":false},"author":1,"featured_media":92553,"comment_status":"open","ping_status":"open","sticky":false,"template":"","format":"standard","meta":{"jetpack_post_was_ever_published":false,"_jetpack_newsletter_access":"","_jetpack_dont_email_post_to_subs":false,"_jetpack_newsletter_tier_id":0,"_jetpack_memberships_contains_paywalled_content":false,"_jetpack_memberships_contains_paid_content":false,"footnotes":"","jetpack_publicize_message":"En la jornada de este martes, en ese municipio, se aplicaron vacunas de las farmac\u00e9uticas AstraZeneca y Sinovac.\n\n ","jetpack_publicize_feature_enabled":true,"jetpack_social_post_already_shared":true,"jetpack_social_options":{"image_generator_settings":{"template":"highway","default_image_id":0,"font":"","enabled":false},"version":2}},"categories":[17],"tags":[],"class_list":["post-92552","post","type-post","status-publish","format-standard","has-post-thumbnail","hentry","category-politica-y-gobierno"],"jetpack_publicize_connections":[],"jetpack_featured_media_url":"https:\/\/formalprision.com\/wp-content\/uploads\/2021\/10\/hl-1469114609.jpg","jetpack_sharing_enabled":true,"jetpack_shortlink":"https:\/\/wp.me\/p6id8p-o4M","_links":{"self":[{"href":"https:\/\/formalprision.com\/index.php?rest_route=\/wp\/v2\/posts\/92552","targetHints":{"allow":["GET"]}}],"collection":[{"href":"https:\/\/formalprision.com\/index.php?rest_route=\/wp\/v2\/posts"}],"about":[{"href":"https:\/\/formalprision.com\/index.php?rest_route=\/wp\/v2\/types\/post"}],"author":[{"embeddable":true,"href":"https:\/\/formalprision.com\/index.php?rest_route=\/wp\/v2\/users\/1"}],"replies":[{"embeddable":true,"href":"https:\/\/formalprision.com\/index.php?rest_route=%2Fwp%2Fv2%2Fcomments&post=92552"}],"version-history":[{"count":0,"href":"https:\/\/formalprision.com\/index.php?rest_route=\/wp\/v2\/posts\/92552\/revisions"}],"wp:featuredmedia":[{"embeddable":true,"href":"https:\/\/formalprision.com\/index.php?rest_route=\/wp\/v2\/media\/92553"}],"wp:attachment":[{"href":"https:\/\/formalprision.com\/index.php?rest_route=%2Fwp%2Fv2%2Fmedia&parent=92552"}],"wp:term":[{"taxonomy":"category","embeddable":true,"href":"https:\/\/formalprision.com\/index.php?rest_route=%2Fwp%2Fv2%2Fcategories&post=92552"},{"taxonomy":"post_tag","embeddable":true,"href":"https:\/\/formalprision.com\/index.php?rest_route=%2Fwp%2Fv2%2Ftags&post=92552"}],"curies":[{"name":"wp","href":"https:\/\/api.w.org\/{rel}","templated":true}]}}