{"id":9263,"date":"2010-09-23T20:51:00","date_gmt":"2010-09-23T20:51:00","guid":{"rendered":"http:\/\/formalprision.info\/2010\/09\/23\/detiene-la-ssp-los-primeros-asaltantes\/"},"modified":"2015-06-03T09:00:47","modified_gmt":"2015-06-03T09:00:47","slug":"detiene-la-ssp-los-primeros-asaltantes","status":"publish","type":"post","link":"https:\/\/formalprision.com\/?p=9263","title":{"rendered":"Detiene la SSP a los primeros asaltantes de Altabrisa"},"content":{"rendered":"<p>Han sido detenidos los primeros asaltantes de la joyer\u00eda Bauer de Plaza Altabrisa.<br \/>Este medio d\u00eda, agentes de la Secretar\u00eda de Seguridad P\u00fablica detuvieron a los sujetos en unos departamentos de la colonia M\u00e9xico Oriente.<br \/>Ambos fueron capturados durante un cateo rel\u00e1mpago, luego de que los agentes de inteligencia de la SSP ya hab\u00edan ubicado  a otros dos asaltantes.<br \/>La detenci\u00f3n ocurri\u00f3 en la avenida 17 de esa colonia.<br \/>Hasta el momento hay cuatro detenidos,pero algunas fuentes dicen que solo son dos.<br \/>Se espera, bueno en realidad los que lo esperan son los polic\u00edas y sus jefes, que en el transcurso del d\u00eda y en la noche caigan m\u00e1s asaltantes.<\/p>\n","protected":false},"excerpt":{"rendered":"<p>Han sido detenidos los primeros asaltantes de la joyer\u00eda Bauer de Plaza Altabrisa.Este medio d\u00eda, agentes de la Secretar\u00eda de Seguridad P\u00fablica detuvieron a los sujetos en unos departamentos de<\/p>\n","protected":false},"author":1,"featured_media":0,"comment_status":"open","ping_status":"open","sticky":false,"template":"","format":"standard","meta":{"jetpack_post_was_ever_published":false,"_jetpack_newsletter_access":"","_jetpack_dont_email_post_to_subs":false,"_jetpack_newsletter_tier_id":0,"_jetpack_memberships_contains_paywalled_content":false,"_jetpack_memberships_contains_paid_content":false,"footnotes":"","jetpack_publicize_message":"","jetpack_publicize_feature_enabled":true,"jetpack_social_post_already_shared":false,"jetpack_social_options":{"image_generator_settings":{"template":"highway","default_image_id":0,"font":"","enabled":false},"version":2}},"categories":[45,3,57,1],"tags":[],"class_list":["post-9263","post","type-post","status-publish","format-standard","hentry","category-delincuentes-vip","category-portada","category-ratas","category-sin-categoria"],"jetpack_publicize_connections":[],"jetpack_featured_media_url":"","jetpack_sharing_enabled":true,"jetpack_shortlink":"https:\/\/wp.me\/p6id8p-2pp","_links":{"self":[{"href":"https:\/\/formalprision.com\/index.php?rest_route=\/wp\/v2\/posts\/9263","targetHints":{"allow":["GET"]}}],"collection":[{"href":"https:\/\/formalprision.com\/index.php?rest_route=\/wp\/v2\/posts"}],"about":[{"href":"https:\/\/formalprision.com\/index.php?rest_route=\/wp\/v2\/types\/post"}],"author":[{"embeddable":true,"href":"https:\/\/formalprision.com\/index.php?rest_route=\/wp\/v2\/users\/1"}],"replies":[{"embeddable":true,"href":"https:\/\/formalprision.com\/index.php?rest_route=%2Fwp%2Fv2%2Fcomments&post=9263"}],"version-history":[{"count":0,"href":"https:\/\/formalprision.com\/index.php?rest_route=\/wp\/v2\/posts\/9263\/revisions"}],"wp:attachment":[{"href":"https:\/\/formalprision.com\/index.php?rest_route=%2Fwp%2Fv2%2Fmedia&parent=9263"}],"wp:term":[{"taxonomy":"category","embeddable":true,"href":"https:\/\/formalprision.com\/index.php?rest_route=%2Fwp%2Fv2%2Fcategories&post=9263"},{"taxonomy":"post_tag","embeddable":true,"href":"https:\/\/formalprision.com\/index.php?rest_route=%2Fwp%2Fv2%2Ftags&post=9263"}],"curies":[{"name":"wp","href":"https:\/\/api.w.org\/{rel}","templated":true}]}}