{"id":9264,"date":"2010-09-23T01:49:00","date_gmt":"2010-09-23T01:49:00","guid":{"rendered":"http:\/\/formalprision.info\/2010\/09\/23\/la-ssp-dice-que-profesionales-asaltaron\/"},"modified":"2015-06-03T09:00:48","modified_gmt":"2015-06-03T09:00:48","slug":"la-ssp-dice-que-profesionales-asaltaron","status":"publish","type":"post","link":"https:\/\/formalprision.com\/?p=9264","title":{"rendered":"La SSP dice que profesionales asaltaron la joyer\u00eda de Plaza Altabrisa: sustrajeron todo en minutos"},"content":{"rendered":"<p><a onblur=\"try {parent.deselectBloggerImageGracefully();} catch(e) {}\" href=\"http:\/\/3.bp.blogspot.com\/_QwiJz8zwaOw\/TJqzB9GPFqI\/AAAAAAAABlk\/_Dne34nQ7vI\/s1600\/bauer2.jpg\"><img decoding=\"async\" style=\"display: block; margin: 0px auto 10px; text-align: center; cursor: pointer; width: 400px; height: 300px;\" src=\"http:\/\/formalprision.com\/wp-content\/uploads\/2010\/09\/bauer2.jpg\" alt=\"\" id=\"BLOGGER_PHOTO_ID_5519921139457922722\" border=\"0\" \/><\/a><\/p>\n<div>Los sujetos que asaltaron la joyer\u00eda Bauer ubicada en el interior  de la Plaza Comercial Altabrisa, llev\u00e1ndose un monto aun no determinado  de alhajas y relojes de marcas caras son profesionales, seg\u00fan afirm\u00f3 esta noche la SSP.<\/div>\n<div>Fuentes de la polic\u00eda  confirmaron a nuestros amigos de Yucat\u00e1n Ahora que dos sujetos presuntamente armados  irrumpieron en la negociaci\u00f3n y amagaron a los empleados para  posteriormente romper las vidrieras con martillos y sustraer las prendas  que ah\u00ed se exhib\u00edan.<\/div>\n<div>Algunos agentes comentaron que este  asalto fue cosa de profesionales que actuaron con precisi\u00f3n ya que  tardaron apenas unos cuantos minutos.<\/div>\n<div>Apenas se tuvo el  reporte, las corporaciones polic\u00edacas montaron un impresionante  dispositivo en las inmediaciones de la plaza para dar con los autores  del atraco.<\/div>\n<div>Personal de la Secretar\u00eda de Seguridad P\u00fablica y  de la Judicial del Estado revisan minuciosamente los estacionamientos y  los veh\u00edculos.<\/div>\n<div>La polic\u00eda uniformada ampli\u00f3 su operativo e  instal\u00f3 m\u00e1s retenes en las principales avenidas que circundan la plaza  comercial y las carreteras de salida de la ciudad.<\/div>\n<div>Este atraco  hizo recordar el violento asalto a la Joyer\u00eda Ricalde perpetrado el  domingo 20 de noviembre de 2003 en el interior de Plaza Fiesta y otros cometidos en una joyer\u00eda de la Gran Plaza.<\/div>\n<div>En  esa ocasi\u00f3n Said\u00e9n Ojeda como titular de la desaparecida Secretar\u00eda de  Protecci\u00f3n y Vialidad y Henry Boldo Osorio, director de la Polic\u00eda  Judicial del Estado, lograron capturar a los responsables y recuperar el  bot\u00edn. (Fotograf\u00eda del Twitter @Griss_TF)<\/div>\n","protected":false},"excerpt":{"rendered":"<p>Los sujetos que asaltaron la joyer\u00eda Bauer ubicada en el interior de la Plaza Comercial Altabrisa, llev\u00e1ndose un monto aun no determinado de alhajas y relojes de marcas caras son<\/p>\n","protected":false},"author":1,"featured_media":28344,"comment_status":"open","ping_status":"open","sticky":false,"template":"","format":"standard","meta":{"jetpack_post_was_ever_published":false,"_jetpack_newsletter_access":"","_jetpack_dont_email_post_to_subs":false,"_jetpack_newsletter_tier_id":0,"_jetpack_memberships_contains_paywalled_content":false,"_jetpack_memberships_contains_paid_content":false,"footnotes":"","jetpack_publicize_message":"","jetpack_publicize_feature_enabled":true,"jetpack_social_post_already_shared":false,"jetpack_social_options":{"image_generator_settings":{"template":"highway","default_image_id":0,"font":"","enabled":false},"version":2}},"categories":[3,57,1],"tags":[],"class_list":["post-9264","post","type-post","status-publish","format-standard","has-post-thumbnail","hentry","category-portada","category-ratas","category-sin-categoria"],"jetpack_publicize_connections":[],"jetpack_featured_media_url":"https:\/\/formalprision.com\/wp-content\/uploads\/2010\/09\/bauer2.jpg","jetpack_sharing_enabled":true,"jetpack_shortlink":"https:\/\/wp.me\/p6id8p-2pq","_links":{"self":[{"href":"https:\/\/formalprision.com\/index.php?rest_route=\/wp\/v2\/posts\/9264","targetHints":{"allow":["GET"]}}],"collection":[{"href":"https:\/\/formalprision.com\/index.php?rest_route=\/wp\/v2\/posts"}],"about":[{"href":"https:\/\/formalprision.com\/index.php?rest_route=\/wp\/v2\/types\/post"}],"author":[{"embeddable":true,"href":"https:\/\/formalprision.com\/index.php?rest_route=\/wp\/v2\/users\/1"}],"replies":[{"embeddable":true,"href":"https:\/\/formalprision.com\/index.php?rest_route=%2Fwp%2Fv2%2Fcomments&post=9264"}],"version-history":[{"count":0,"href":"https:\/\/formalprision.com\/index.php?rest_route=\/wp\/v2\/posts\/9264\/revisions"}],"wp:featuredmedia":[{"embeddable":true,"href":"https:\/\/formalprision.com\/index.php?rest_route=\/wp\/v2\/media\/28344"}],"wp:attachment":[{"href":"https:\/\/formalprision.com\/index.php?rest_route=%2Fwp%2Fv2%2Fmedia&parent=9264"}],"wp:term":[{"taxonomy":"category","embeddable":true,"href":"https:\/\/formalprision.com\/index.php?rest_route=%2Fwp%2Fv2%2Fcategories&post=9264"},{"taxonomy":"post_tag","embeddable":true,"href":"https:\/\/formalprision.com\/index.php?rest_route=%2Fwp%2Fv2%2Ftags&post=9264"}],"curies":[{"name":"wp","href":"https:\/\/api.w.org\/{rel}","templated":true}]}}