{"id":9265,"date":"2010-09-23T01:25:00","date_gmt":"2010-09-23T01:25:00","guid":{"rendered":"http:\/\/formalprision.info\/2010\/09\/23\/asalto-mano-armada-en-una-joyeria-de\/"},"modified":"2015-06-03T09:00:48","modified_gmt":"2015-06-03T09:00:48","slug":"asalto-mano-armada-en-una-joyeria-de","status":"publish","type":"post","link":"https:\/\/formalprision.com\/?p=9265","title":{"rendered":"Asalto a mano armada en una joyer\u00eda de Plaza Altabrisa"},"content":{"rendered":"<p><a onblur=\"try {parent.deselectBloggerImageGracefully();} catch(e) {}\" href=\"http:\/\/4.bp.blogspot.com\/_QwiJz8zwaOw\/TJquPtTxS7I\/AAAAAAAABlc\/7hZDvuzEKtI\/s1600\/preview_1.jpg\"><img decoding=\"async\" style=\"display: block; margin: 0px auto 10px; text-align: center; cursor: pointer; width: 400px; height: 299px;\" src=\"http:\/\/formalprision.com\/wp-content\/uploads\/2010\/09\/preview_11.jpg\" alt=\"\" id=\"BLOGGER_PHOTO_ID_5519915878179752882\" border=\"0\" \/><\/a><br \/>Un asalto a mano armada en una joyer\u00eda de Plaza Altrabrisa, en el norte de la ciudad, ha movilizado a decenas de agentes de la Secretar\u00eda de Seguridad P\u00fablica y Polic\u00eda Judicial en la zona.<br \/>El asalto, al parecer, fue cometido por sujetos armados de acuerdo con las primeras versiones y ocasion\u00f3 el cierre de varios comercios del lugar e hizo hu\u00edr a numerosos clientes de la plaza.<br \/>Por el momento, las autoridades han descartado balazos, aunque se informa que los ladrones estaban armados con objetos macizos con los que rompieron los exhibidores de la tienda.<br \/>De acuerdo con la SSP, el asalto se cometi\u00f3 en la joyer\u00eda Bauer, ubicada en el costado oriente del centro comercial. Por el momento no se permite la entrada ni salida de clientes ni personal del lugar.<br \/>El procurador estatal, H\u00e9ctor Cabrera Rivero, y el titular de la SSP,  Luis Felipe Said\u00e9n Ojeda, se encuentran en el lugar de los hechos. (FormalPrision\/foto tomada de la cuenta de Twitter @Gris_TF)<\/p>\n","protected":false},"excerpt":{"rendered":"<p>Un asalto a mano armada en una joyer\u00eda de Plaza Altrabrisa, en el norte de la ciudad, ha movilizado a decenas de agentes de la Secretar\u00eda de Seguridad P\u00fablica y<\/p>\n","protected":false},"author":1,"featured_media":28346,"comment_status":"open","ping_status":"open","sticky":false,"template":"","format":"standard","meta":{"jetpack_post_was_ever_published":false,"_jetpack_newsletter_access":"","_jetpack_dont_email_post_to_subs":false,"_jetpack_newsletter_tier_id":0,"_jetpack_memberships_contains_paywalled_content":false,"_jetpack_memberships_contains_paid_content":false,"footnotes":"","jetpack_publicize_message":"","jetpack_publicize_feature_enabled":true,"jetpack_social_post_already_shared":false,"jetpack_social_options":{"image_generator_settings":{"template":"highway","default_image_id":0,"font":"","enabled":false},"version":2}},"categories":[3,57,1],"tags":[],"class_list":["post-9265","post","type-post","status-publish","format-standard","has-post-thumbnail","hentry","category-portada","category-ratas","category-sin-categoria"],"jetpack_publicize_connections":[],"jetpack_featured_media_url":"https:\/\/formalprision.com\/wp-content\/uploads\/2010\/09\/preview_11.jpg","jetpack_sharing_enabled":true,"jetpack_shortlink":"https:\/\/wp.me\/p6id8p-2pr","_links":{"self":[{"href":"https:\/\/formalprision.com\/index.php?rest_route=\/wp\/v2\/posts\/9265","targetHints":{"allow":["GET"]}}],"collection":[{"href":"https:\/\/formalprision.com\/index.php?rest_route=\/wp\/v2\/posts"}],"about":[{"href":"https:\/\/formalprision.com\/index.php?rest_route=\/wp\/v2\/types\/post"}],"author":[{"embeddable":true,"href":"https:\/\/formalprision.com\/index.php?rest_route=\/wp\/v2\/users\/1"}],"replies":[{"embeddable":true,"href":"https:\/\/formalprision.com\/index.php?rest_route=%2Fwp%2Fv2%2Fcomments&post=9265"}],"version-history":[{"count":0,"href":"https:\/\/formalprision.com\/index.php?rest_route=\/wp\/v2\/posts\/9265\/revisions"}],"wp:featuredmedia":[{"embeddable":true,"href":"https:\/\/formalprision.com\/index.php?rest_route=\/wp\/v2\/media\/28346"}],"wp:attachment":[{"href":"https:\/\/formalprision.com\/index.php?rest_route=%2Fwp%2Fv2%2Fmedia&parent=9265"}],"wp:term":[{"taxonomy":"category","embeddable":true,"href":"https:\/\/formalprision.com\/index.php?rest_route=%2Fwp%2Fv2%2Fcategories&post=9265"},{"taxonomy":"post_tag","embeddable":true,"href":"https:\/\/formalprision.com\/index.php?rest_route=%2Fwp%2Fv2%2Ftags&post=9265"}],"curies":[{"name":"wp","href":"https:\/\/api.w.org\/{rel}","templated":true}]}}