{"id":9268,"date":"2010-09-22T21:20:00","date_gmt":"2010-09-22T21:20:00","guid":{"rendered":"http:\/\/formalprision.info\/2010\/09\/22\/detienen-al-yorch-importante-narco\/"},"modified":"2015-06-03T09:00:48","modified_gmt":"2015-06-03T09:00:48","slug":"detienen-al-yorch-importante-narco","status":"publish","type":"post","link":"https:\/\/formalprision.com\/?p=9268","title":{"rendered":"Detienen al Yorch, importante narco yucateco ligado a las decapitaciones"},"content":{"rendered":"<p><a href=\"http:\/\/1.bp.blogspot.com\/_QwiJz8zwaOw\/TJp15yUNr7I\/AAAAAAAABlM\/qqJlbpTpJbw\/s1600\/aaaaanarco.jpg\"><img decoding=\"async\" id=\"BLOGGER_PHOTO_ID_5519853928915513266\" style=\"float: left; margin: 0px 10px 10px 0px; width: 237px; height: 316px;\" alt=\"\" src=\"http:\/\/formalprision.com\/wp-content\/uploads\/2010\/09\/aaaaanarco.jpg\" border=\"0\" \/><\/a>La Secretar\u00eda de Seguridad P\u00fablica anunci\u00f3 hoy la captura del narcotraficante Jorge Gonz\u00e1lez Hern\u00e1ndez, (a) \u00abEl Yorch\u00bb, considerado el principal narcodistribuidor de drogas en Progreso y vasta zona del sur de la entidad.<\/p>\n<div>\n<div>\n<div>El sujeto pertenece presuntamente al cartel que orden\u00f3 las decapitaciones de agosto de 2008.<\/div>\n<div>Fue detenido en Tekax, al sur de la entidad; cuando circulaba en una camioneta sin placas y pretendi\u00f3 darse a la fuga.<\/div>\n<div>Al ser detenido se identific\u00f3 con otro nombre, incluso mostr\u00f3 una licencia de conducir con su fotograf\u00eda y el nombre falso.<\/div>\n<div>Sin embargo, fue identidicado plenamente y se le decomisaron tres kilos de mariguana, varias dosis de coca\u00edna y otras de crack.<\/div>\n<div>En el operativo participaron tambi\u00e9n agentes de la Polic\u00eda Federal.<\/div>\n<p>El delincuente fue presentado esta tarde a los medios de comunicaci\u00f3n.<\/p>\n<p><\/p>\n<div><\/div>\n<\/div>\n<\/div>\n","protected":false},"excerpt":{"rendered":"<p>La Secretar\u00eda de Seguridad P\u00fablica anunci\u00f3 hoy la captura del narcotraficante Jorge Gonz\u00e1lez Hern\u00e1ndez, (a) \u00abEl Yorch\u00bb, considerado el principal narcodistribuidor de drogas en Progreso y vasta zona del sur<\/p>\n","protected":false},"author":1,"featured_media":28352,"comment_status":"open","ping_status":"open","sticky":false,"template":"","format":"standard","meta":{"jetpack_post_was_ever_published":false,"_jetpack_newsletter_access":"","_jetpack_dont_email_post_to_subs":false,"_jetpack_newsletter_tier_id":0,"_jetpack_memberships_contains_paywalled_content":false,"_jetpack_memberships_contains_paid_content":false,"footnotes":"","jetpack_publicize_message":"","jetpack_publicize_feature_enabled":true,"jetpack_social_post_already_shared":false,"jetpack_social_options":{"image_generator_settings":{"template":"highway","default_image_id":0,"font":"","enabled":false},"version":2}},"categories":[47,3,1],"tags":[],"class_list":["post-9268","post","type-post","status-publish","format-standard","has-post-thumbnail","hentry","category-narcos","category-portada","category-sin-categoria"],"jetpack_publicize_connections":[],"jetpack_featured_media_url":"https:\/\/formalprision.com\/wp-content\/uploads\/2010\/09\/aaaaanarco.jpg","jetpack_sharing_enabled":true,"jetpack_shortlink":"https:\/\/wp.me\/p6id8p-2pu","_links":{"self":[{"href":"https:\/\/formalprision.com\/index.php?rest_route=\/wp\/v2\/posts\/9268","targetHints":{"allow":["GET"]}}],"collection":[{"href":"https:\/\/formalprision.com\/index.php?rest_route=\/wp\/v2\/posts"}],"about":[{"href":"https:\/\/formalprision.com\/index.php?rest_route=\/wp\/v2\/types\/post"}],"author":[{"embeddable":true,"href":"https:\/\/formalprision.com\/index.php?rest_route=\/wp\/v2\/users\/1"}],"replies":[{"embeddable":true,"href":"https:\/\/formalprision.com\/index.php?rest_route=%2Fwp%2Fv2%2Fcomments&post=9268"}],"version-history":[{"count":0,"href":"https:\/\/formalprision.com\/index.php?rest_route=\/wp\/v2\/posts\/9268\/revisions"}],"wp:featuredmedia":[{"embeddable":true,"href":"https:\/\/formalprision.com\/index.php?rest_route=\/wp\/v2\/media\/28352"}],"wp:attachment":[{"href":"https:\/\/formalprision.com\/index.php?rest_route=%2Fwp%2Fv2%2Fmedia&parent=9268"}],"wp:term":[{"taxonomy":"category","embeddable":true,"href":"https:\/\/formalprision.com\/index.php?rest_route=%2Fwp%2Fv2%2Fcategories&post=9268"},{"taxonomy":"post_tag","embeddable":true,"href":"https:\/\/formalprision.com\/index.php?rest_route=%2Fwp%2Fv2%2Ftags&post=9268"}],"curies":[{"name":"wp","href":"https:\/\/api.w.org\/{rel}","templated":true}]}}