{"id":9292,"date":"2010-09-15T15:49:00","date_gmt":"2010-09-15T15:49:00","guid":{"rendered":"http:\/\/formalprision.info\/2010\/09\/15\/la-pgje-tendra-agencia-movil-de\/"},"modified":"2015-06-03T09:00:52","modified_gmt":"2015-06-03T09:00:52","slug":"la-pgje-tendra-agencia-movil-de","status":"publish","type":"post","link":"https:\/\/formalprision.com\/?p=9292","title":{"rendered":"La PGJE tendr\u00e1 agencia m\u00f3vil del Ministerio P\u00fablico en el Monumento a la Patria"},"content":{"rendered":"<p><a href=\"http:\/\/1.bp.blogspot.com\/_QwiJz8zwaOw\/TJDvm9zXl4I\/AAAAAAAABhc\/XAs3U_MT8kw\/s1600\/ipad%5B1%5D.jpg\"><img decoding=\"async\" id=\"BLOGGER_PHOTO_ID_5517172996232943490\" style=\"FLOAT: left; MARGIN: 0px 10px 10px 0px; WIDTH: 320px; CURSOR: hand; HEIGHT: 209px\" alt=\"\" src=\"http:\/\/formalprision.com\/wp-content\/uploads\/2010\/09\/ipad1.jpg\" border=\"0\" \/><\/a><\/p>\n<div><\/p>\n<div>El procurador de Justicia del Estado H\u00e9ctor Cabrera Rivero inform\u00f3 que la instituci\u00f3n que dirige contar\u00e1 hoy por la noche con una agencia del Ministerio P\u00fablico m\u00f3vil en las inmediaciones del Paseo de Montejo con motivo del grito de independencia.<\/div>\n<p><\/p>\n<div>A trav\u00e9s de su cuenta de Twitter, el funcionario dijo que la agencia m\u00f3vil estar\u00e1 en las cercan\u00edas del Monumento a la Patria.<\/div>\n<p><\/p>\n<div>En ese lugar se recibir\u00e1n denuncias de las personas que acudan a los festejos del Bicentenario.<\/div>\n<p><\/p>\n<div>Se podr\u00e1n denunciar robos de carteras, lesiones, ni\u00f1os extraviados y otras casos propios de la concentraci\u00f3n de gente que se espera.<\/div>\n<p><\/p>\n<div>Los detenidos no ser\u00e1n llevados ante esa agencia m\u00f3vil, sino que ser\u00e1n trasladados a los separos de la SSP o la PJE, lo que corresponda primero.<\/div>\n<div><\/div>\n<\/div>\n","protected":false},"excerpt":{"rendered":"<p>El procurador de Justicia del Estado H\u00e9ctor Cabrera Rivero inform\u00f3 que la instituci\u00f3n que dirige contar\u00e1 hoy por la noche con una agencia del Ministerio P\u00fablico m\u00f3vil en las inmediaciones<\/p>\n","protected":false},"author":1,"featured_media":28400,"comment_status":"open","ping_status":"open","sticky":false,"template":"","format":"standard","meta":{"jetpack_post_was_ever_published":false,"_jetpack_newsletter_access":"","_jetpack_dont_email_post_to_subs":false,"_jetpack_newsletter_tier_id":0,"_jetpack_memberships_contains_paywalled_content":false,"_jetpack_memberships_contains_paid_content":false,"footnotes":"","jetpack_publicize_message":"","jetpack_publicize_feature_enabled":true,"jetpack_social_post_already_shared":false,"jetpack_social_options":{"image_generator_settings":{"template":"highway","default_image_id":0,"font":"","enabled":false},"version":2}},"categories":[3,1,49],"tags":[],"class_list":["post-9292","post","type-post","status-publish","format-standard","has-post-thumbnail","hentry","category-portada","category-sin-categoria","category-tocho-morocho"],"jetpack_publicize_connections":[],"jetpack_featured_media_url":"https:\/\/formalprision.com\/wp-content\/uploads\/2010\/09\/ipad1.jpg","jetpack_sharing_enabled":true,"jetpack_shortlink":"https:\/\/wp.me\/p6id8p-2pS","_links":{"self":[{"href":"https:\/\/formalprision.com\/index.php?rest_route=\/wp\/v2\/posts\/9292","targetHints":{"allow":["GET"]}}],"collection":[{"href":"https:\/\/formalprision.com\/index.php?rest_route=\/wp\/v2\/posts"}],"about":[{"href":"https:\/\/formalprision.com\/index.php?rest_route=\/wp\/v2\/types\/post"}],"author":[{"embeddable":true,"href":"https:\/\/formalprision.com\/index.php?rest_route=\/wp\/v2\/users\/1"}],"replies":[{"embeddable":true,"href":"https:\/\/formalprision.com\/index.php?rest_route=%2Fwp%2Fv2%2Fcomments&post=9292"}],"version-history":[{"count":0,"href":"https:\/\/formalprision.com\/index.php?rest_route=\/wp\/v2\/posts\/9292\/revisions"}],"wp:featuredmedia":[{"embeddable":true,"href":"https:\/\/formalprision.com\/index.php?rest_route=\/wp\/v2\/media\/28400"}],"wp:attachment":[{"href":"https:\/\/formalprision.com\/index.php?rest_route=%2Fwp%2Fv2%2Fmedia&parent=9292"}],"wp:term":[{"taxonomy":"category","embeddable":true,"href":"https:\/\/formalprision.com\/index.php?rest_route=%2Fwp%2Fv2%2Fcategories&post=9292"},{"taxonomy":"post_tag","embeddable":true,"href":"https:\/\/formalprision.com\/index.php?rest_route=%2Fwp%2Fv2%2Ftags&post=9292"}],"curies":[{"name":"wp","href":"https:\/\/api.w.org\/{rel}","templated":true}]}}