{"id":9293,"date":"2010-09-14T15:22:00","date_gmt":"2010-09-14T15:22:00","guid":{"rendered":"http:\/\/formalprision.info\/2010\/09\/14\/paseo-de-montejo-se-vuelve-de-un-solo\/"},"modified":"2015-06-03T09:00:52","modified_gmt":"2015-06-03T09:00:52","slug":"paseo-de-montejo-se-vuelve-de-un-solo","status":"publish","type":"post","link":"https:\/\/formalprision.com\/?p=9293","title":{"rendered":"Paseo de Montejo se vuelve de un solo carril por preparativos del grito"},"content":{"rendered":"<p><a href=\"http:\/\/3.bp.blogspot.com\/_QwiJz8zwaOw\/TI8I0Qo03OI\/AAAAAAAABhM\/PsphHCGQ6g4\/s1600\/monumento-a-la-patria%5B1%5D.jpg\"><img decoding=\"async\" id=\"BLOGGER_PHOTO_ID_5516637762464570594\" style=\"FLOAT: left; MARGIN: 0px 10px 10px 0px; WIDTH: 260px; CURSOR: hand; HEIGHT: 320px\" alt=\"\" src=\"http:\/\/formalprision.com\/wp-content\/uploads\/2010\/09\/monumento-a-la-patria1.jpg\" border=\"0\" \/><\/a><\/p>\n<div>A los que no tienen nada qu\u00e9 hacer cerca del Monumento a la Patria les sugerimos que no pasen por ah\u00ed en sus veh\u00edculos porque desde esta ma\u00f1ana la circulaci\u00f3n en esa zona del Paseo de Montejo es de un solo carril.<\/div>\n<p><\/p>\n<div>La Secretar\u00eda de Seguridad P\u00fablica dispuso el cierre de los dem\u00e1s carriles para que se pueda instalar el escenario donde la gobernadora Ivonne Ortega Pacheco debe dar el \u00abgrito\u00bb de Independencia ma\u00f1ana en la noche.<\/div>\n<p><\/p>\n<div>Los automovilistas que circulan de Sur a Norte, desde el Monumento a Justo Sierra, solo lo podr\u00e1n hacer en un carril, por lo que se antojan muchos problemas-<\/div>\n<p><\/p>\n<div>Los que vienen del Norte, desde la Ford Hacia el Monumento no podr\u00e1n seguir como lo hac\u00edan normalmente, sino que tendr\u00e1n que rodear el restaurante Slavia y luego tomar nuevamente el Paseo de Montejo-<\/div>\n<p><\/p>\n<div>Para lograr esta maniobra, la SSP dispuso el cierre de la calle que va de la gasolienra de San Fernando al Hotel Ibis.<\/div>\n<p><\/p>\n<div><\/div>\n","protected":false},"excerpt":{"rendered":"<p>A los que no tienen nada qu\u00e9 hacer cerca del Monumento a la Patria les sugerimos que no pasen por ah\u00ed en sus veh\u00edculos porque desde esta ma\u00f1ana la circulaci\u00f3n<\/p>\n","protected":false},"author":1,"featured_media":28402,"comment_status":"open","ping_status":"open","sticky":false,"template":"","format":"standard","meta":{"jetpack_post_was_ever_published":false,"_jetpack_newsletter_access":"","_jetpack_dont_email_post_to_subs":false,"_jetpack_newsletter_tier_id":0,"_jetpack_memberships_contains_paywalled_content":false,"_jetpack_memberships_contains_paid_content":false,"footnotes":"","jetpack_publicize_message":"","jetpack_publicize_feature_enabled":true,"jetpack_social_post_already_shared":false,"jetpack_social_options":{"image_generator_settings":{"template":"highway","default_image_id":0,"font":"","enabled":false},"version":2}},"categories":[3,1,49],"tags":[],"class_list":["post-9293","post","type-post","status-publish","format-standard","has-post-thumbnail","hentry","category-portada","category-sin-categoria","category-tocho-morocho"],"jetpack_publicize_connections":[],"jetpack_featured_media_url":"https:\/\/formalprision.com\/wp-content\/uploads\/2010\/09\/monumento-a-la-patria1.jpg","jetpack_sharing_enabled":true,"jetpack_shortlink":"https:\/\/wp.me\/p6id8p-2pT","_links":{"self":[{"href":"https:\/\/formalprision.com\/index.php?rest_route=\/wp\/v2\/posts\/9293","targetHints":{"allow":["GET"]}}],"collection":[{"href":"https:\/\/formalprision.com\/index.php?rest_route=\/wp\/v2\/posts"}],"about":[{"href":"https:\/\/formalprision.com\/index.php?rest_route=\/wp\/v2\/types\/post"}],"author":[{"embeddable":true,"href":"https:\/\/formalprision.com\/index.php?rest_route=\/wp\/v2\/users\/1"}],"replies":[{"embeddable":true,"href":"https:\/\/formalprision.com\/index.php?rest_route=%2Fwp%2Fv2%2Fcomments&post=9293"}],"version-history":[{"count":0,"href":"https:\/\/formalprision.com\/index.php?rest_route=\/wp\/v2\/posts\/9293\/revisions"}],"wp:featuredmedia":[{"embeddable":true,"href":"https:\/\/formalprision.com\/index.php?rest_route=\/wp\/v2\/media\/28402"}],"wp:attachment":[{"href":"https:\/\/formalprision.com\/index.php?rest_route=%2Fwp%2Fv2%2Fmedia&parent=9293"}],"wp:term":[{"taxonomy":"category","embeddable":true,"href":"https:\/\/formalprision.com\/index.php?rest_route=%2Fwp%2Fv2%2Fcategories&post=9293"},{"taxonomy":"post_tag","embeddable":true,"href":"https:\/\/formalprision.com\/index.php?rest_route=%2Fwp%2Fv2%2Ftags&post=9293"}],"curies":[{"name":"wp","href":"https:\/\/api.w.org\/{rel}","templated":true}]}}