{"id":9295,"date":"2010-09-14T12:42:00","date_gmt":"2010-09-14T12:42:00","guid":{"rendered":"http:\/\/formalprision.info\/2010\/09\/14\/calles-del-centro-cerradas-por-e\/"},"modified":"2015-06-03T09:00:53","modified_gmt":"2015-06-03T09:00:53","slug":"calles-del-centro-cerradas-por-e","status":"publish","type":"post","link":"https:\/\/formalprision.com\/?p=9295","title":{"rendered":"Calles del centro cerradas por el desfile del 16"},"content":{"rendered":"<p><a href=\"http:\/\/1.bp.blogspot.com\/_QwiJz8zwaOw\/TI8BEwxkU5I\/AAAAAAAABg8\/g8q0mWJcnng\/s1600\/cono%5B1%5D.jpg\"><img decoding=\"async\" id=\"BLOGGER_PHOTO_ID_5516629249876054930\" style=\"FLOAT: left; MARGIN: 0px 10px 10px 0px; WIDTH: 300px; CURSOR: hand; HEIGHT: 300px\" alt=\"\" src=\"http:\/\/formalprision.com\/wp-content\/uploads\/2010\/09\/cono1.jpg\" border=\"0\" \/><\/a><\/p>\n<div>La Polic\u00eda Municipal de M\u00e9rida avisa a la ciudadan\u00eda que, por el desfile conmemorativo del Bicentenario de la Independencia, el d\u00eda 16 de septiembre habr\u00e1 cierres de calles en varios puntos del Centro Hist\u00f3rico.<br \/>Por eso motivo, la corporaci\u00f3n informa a los conductores para evitar que tengan contratiempos para cumplir con sus actividades cotidianas, as\u00ed como previene a los usuarios del transporte p\u00fablico que los paraderos habituales se reubicar\u00e1n en las calles alternas al derrotero a partir de las 05:00 horas del pr\u00f3ximo jueves 16 septiembre.<br \/>El operativo de vialidad que la Polic\u00eda Municipal de M\u00e9rida dispuso para la celebraci\u00f3n de las fiestas patrias ser\u00e1 de la siguiente forma: cierres totales a la circulaci\u00f3n a partir de las 06:00 horas en la calle 58 en sus cruces con la calle 47, 49, 51, 53, 55, 57, 59 y 61. Adicionalmente, estar\u00e1 cerrada la calle 56 en su cruce con la 61.<br \/>A partir de las 06:30 horas, estar\u00e1 cerrada al tr\u00e1nsito vehicular en la calle 62 en su cruce con las calles 63, 65, 67, 69 y 71. Adicionalmente, a esa misma hora se cerrar\u00e1 la calle 63 en su cruce con la calle 60.<br \/>Para quienes transitan de Poniente a Oriente tienen la opci\u00f3n de utilizar como v\u00edas r\u00e1pidas la calle 79 y Circuito Colonias. Mientras que los conductores que transiten de Oriente a Poniente pueden utilizar Circuito Colonias.<br \/>Asimismo, las personas que circulen de Norte a Sur pueden utilizar la calle 66 como v\u00eda r\u00e1pida para llegar a su destino. Para el caso de quienes conduzcan de Sur a Norte pueden utilizar la calle 52.<br \/>Finalmente, la Polic\u00eda Municipal de M\u00e9rida recuerda a los asistentes al desfile as\u00ed como a los ciudadanos en general a reportar cualquier anomal\u00eda o hecho delictivo a trav\u00e9s de nuestro n\u00famero de emergencia 9-420060 para brindarle la atenci\u00f3n oportuna<\/div>\n","protected":false},"excerpt":{"rendered":"<p>La Polic\u00eda Municipal de M\u00e9rida avisa a la ciudadan\u00eda que, por el desfile conmemorativo del Bicentenario de la Independencia, el d\u00eda 16 de septiembre habr\u00e1 cierres de calles en varios<\/p>\n","protected":false},"author":1,"featured_media":28406,"comment_status":"open","ping_status":"open","sticky":false,"template":"","format":"standard","meta":{"jetpack_post_was_ever_published":false,"_jetpack_newsletter_access":"","_jetpack_dont_email_post_to_subs":false,"_jetpack_newsletter_tier_id":0,"_jetpack_memberships_contains_paywalled_content":false,"_jetpack_memberships_contains_paid_content":false,"footnotes":"","jetpack_publicize_message":"","jetpack_publicize_feature_enabled":true,"jetpack_social_post_already_shared":false,"jetpack_social_options":{"image_generator_settings":{"template":"highway","default_image_id":0,"font":"","enabled":false},"version":2}},"categories":[3,1,49],"tags":[],"class_list":["post-9295","post","type-post","status-publish","format-standard","has-post-thumbnail","hentry","category-portada","category-sin-categoria","category-tocho-morocho"],"jetpack_publicize_connections":[],"jetpack_featured_media_url":"https:\/\/formalprision.com\/wp-content\/uploads\/2010\/09\/cono1.jpg","jetpack_sharing_enabled":true,"jetpack_shortlink":"https:\/\/wp.me\/p6id8p-2pV","_links":{"self":[{"href":"https:\/\/formalprision.com\/index.php?rest_route=\/wp\/v2\/posts\/9295","targetHints":{"allow":["GET"]}}],"collection":[{"href":"https:\/\/formalprision.com\/index.php?rest_route=\/wp\/v2\/posts"}],"about":[{"href":"https:\/\/formalprision.com\/index.php?rest_route=\/wp\/v2\/types\/post"}],"author":[{"embeddable":true,"href":"https:\/\/formalprision.com\/index.php?rest_route=\/wp\/v2\/users\/1"}],"replies":[{"embeddable":true,"href":"https:\/\/formalprision.com\/index.php?rest_route=%2Fwp%2Fv2%2Fcomments&post=9295"}],"version-history":[{"count":0,"href":"https:\/\/formalprision.com\/index.php?rest_route=\/wp\/v2\/posts\/9295\/revisions"}],"wp:featuredmedia":[{"embeddable":true,"href":"https:\/\/formalprision.com\/index.php?rest_route=\/wp\/v2\/media\/28406"}],"wp:attachment":[{"href":"https:\/\/formalprision.com\/index.php?rest_route=%2Fwp%2Fv2%2Fmedia&parent=9295"}],"wp:term":[{"taxonomy":"category","embeddable":true,"href":"https:\/\/formalprision.com\/index.php?rest_route=%2Fwp%2Fv2%2Fcategories&post=9295"},{"taxonomy":"post_tag","embeddable":true,"href":"https:\/\/formalprision.com\/index.php?rest_route=%2Fwp%2Fv2%2Ftags&post=9295"}],"curies":[{"name":"wp","href":"https:\/\/api.w.org\/{rel}","templated":true}]}}