{"id":9298,"date":"2010-09-12T22:19:00","date_gmt":"2010-09-12T22:19:00","guid":{"rendered":"http:\/\/formalprision.info\/2010\/09\/12\/pareja-de-asaltantes-directo-al-pena\/"},"modified":"2015-06-03T09:00:53","modified_gmt":"2015-06-03T09:00:53","slug":"pareja-de-asaltantes-directo-al-pena","status":"publish","type":"post","link":"https:\/\/formalprision.com\/?p=9298","title":{"rendered":"Pareja de asaltantes directo al penal"},"content":{"rendered":"<p><a href=\"http:\/\/2.bp.blogspot.com\/_QwiJz8zwaOw\/TI0vfkjgoGI\/AAAAAAAABgc\/tuH6m3q9MGY\/s1600\/GetAttachmentCAS44T9Q.jpg\"><img decoding=\"async\" id=\"BLOGGER_PHOTO_ID_5516117338033791074\" style=\"FLOAT: left; MARGIN: 0px 10px 10px 0px; WIDTH: 213px; CURSOR: hand; HEIGHT: 160px\" alt=\"\" src=\"http:\/\/formalprision.com\/wp-content\/uploads\/2010\/09\/GetAttachmentCAS44T9Q.jpg\" border=\"0\" \/><\/a><\/p>\n<div>Una pareja de maleantes fue detenida en los primeros minutos de este domingo luego de que le robaron su celular y su cartera a un trense\u00fante en el centro.<\/div>\n<p><\/p>\n<div>Los detenidos son \u00c1ngel Alberto Canul Ek y Karla Mart\u00ednez Jaquin. <\/div>\n<p><\/p>\n<div>Al estar realizando su labor de vigilancia los agentes de la PMM en la calle 69 entre 66 y 68 se les acerc\u00f3 Gilberto Montejo Mendoza, quien se\u00f1al\u00f3 a las dos personas arriba mencionadas, quienes se encontraban a unos metros del lugar, informando que momentos antes al estar caminando sobre la citada arteria se le acercaron Canul Ek y Mart\u00ednez Jaquin, quienes lo rodearon y le robaron su cartera y un celular. <\/div>\n<p><\/p>\n<div>Por tales motivos se procedi\u00f3 a la detenci\u00f3n de ambas personas, quienes se encontraban en estado de ebriedad, para su traslado a la C\u00e1rcel Municipal y posterior remisi\u00f3n al Ministerio P\u00fablico, lugar al que la parte afectada dijo acudir a denunciar los hechos.<\/div>\n","protected":false},"excerpt":{"rendered":"<p>Una pareja de maleantes fue detenida en los primeros minutos de este domingo luego de que le robaron su celular y su cartera a un trense\u00fante en el centro. Los<\/p>\n","protected":false},"author":1,"featured_media":28412,"comment_status":"open","ping_status":"open","sticky":false,"template":"","format":"standard","meta":{"jetpack_post_was_ever_published":false,"_jetpack_newsletter_access":"","_jetpack_dont_email_post_to_subs":false,"_jetpack_newsletter_tier_id":0,"_jetpack_memberships_contains_paywalled_content":false,"_jetpack_memberships_contains_paid_content":false,"footnotes":"","jetpack_publicize_message":"","jetpack_publicize_feature_enabled":true,"jetpack_social_post_already_shared":false,"jetpack_social_options":{"image_generator_settings":{"template":"highway","default_image_id":0,"font":"","enabled":false},"version":2}},"categories":[48,3,1],"tags":[],"class_list":["post-9298","post","type-post","status-publish","format-standard","has-post-thumbnail","hentry","category-pecadoras","category-portada","category-sin-categoria"],"jetpack_publicize_connections":[],"jetpack_featured_media_url":"https:\/\/formalprision.com\/wp-content\/uploads\/2010\/09\/GetAttachmentCAS44T9Q.jpg","jetpack_sharing_enabled":true,"jetpack_shortlink":"https:\/\/wp.me\/p6id8p-2pY","_links":{"self":[{"href":"https:\/\/formalprision.com\/index.php?rest_route=\/wp\/v2\/posts\/9298","targetHints":{"allow":["GET"]}}],"collection":[{"href":"https:\/\/formalprision.com\/index.php?rest_route=\/wp\/v2\/posts"}],"about":[{"href":"https:\/\/formalprision.com\/index.php?rest_route=\/wp\/v2\/types\/post"}],"author":[{"embeddable":true,"href":"https:\/\/formalprision.com\/index.php?rest_route=\/wp\/v2\/users\/1"}],"replies":[{"embeddable":true,"href":"https:\/\/formalprision.com\/index.php?rest_route=%2Fwp%2Fv2%2Fcomments&post=9298"}],"version-history":[{"count":0,"href":"https:\/\/formalprision.com\/index.php?rest_route=\/wp\/v2\/posts\/9298\/revisions"}],"wp:featuredmedia":[{"embeddable":true,"href":"https:\/\/formalprision.com\/index.php?rest_route=\/wp\/v2\/media\/28412"}],"wp:attachment":[{"href":"https:\/\/formalprision.com\/index.php?rest_route=%2Fwp%2Fv2%2Fmedia&parent=9298"}],"wp:term":[{"taxonomy":"category","embeddable":true,"href":"https:\/\/formalprision.com\/index.php?rest_route=%2Fwp%2Fv2%2Fcategories&post=9298"},{"taxonomy":"post_tag","embeddable":true,"href":"https:\/\/formalprision.com\/index.php?rest_route=%2Fwp%2Fv2%2Ftags&post=9298"}],"curies":[{"name":"wp","href":"https:\/\/api.w.org\/{rel}","templated":true}]}}