{"id":9312,"date":"2010-09-08T15:59:00","date_gmt":"2010-09-08T15:59:00","guid":{"rendered":"http:\/\/formalprision.info\/2010\/09\/08\/detenido-por-violar-durante-5-anos-una\/"},"modified":"2015-06-03T09:00:58","modified_gmt":"2015-06-03T09:00:58","slug":"detenido-por-violar-durante-5-anos-una","status":"publish","type":"post","link":"https:\/\/formalprision.com\/?p=9312","title":{"rendered":"Detenido por violar durante 5 a\u00f1os a una ni\u00f1a"},"content":{"rendered":"<p><a href=\"http:\/\/3.bp.blogspot.com\/_QwiJz8zwaOw\/TIcgWd0EfRI\/AAAAAAAABes\/wnhXcISCYEY\/s1600\/GetAttachment%5B9%5D.jpg\"><img decoding=\"async\" id=\"BLOGGER_PHOTO_ID_5514411839070698770\" style=\"FLOAT: left; MARGIN: 0px 10px 10px 0px; WIDTH: 193px; CURSOR: hand; HEIGHT: 160px\" alt=\"\" src=\"http:\/\/formalprision.com\/wp-content\/uploads\/2010\/09\/GetAttachment91.jpg\" border=\"0\" \/><\/a><\/p>\n<div>Por abusar de una ni\u00f1a de 11 a\u00f1os de edad, ayer fue detenido V\u00cdCTOR MANUEL QUIJANO MOO, de 36 a\u00f1os y vecino del sur de la ciudad.<\/div>\n<p><\/p>\n<div>Fue detenido en la calle 27 x 20 del fraccionamiento \u00c1lvaro Torre D\u00edaz.<\/div>\n<p><\/p>\n<div>La denuncia fue interpuesta por C.S.C. en agravio de su hija, de 11 a\u00f1os de edad, quien presuntamente habr\u00eda sido abusada por el detenido desde que ten\u00eda seis a\u00f1os, aunque \u00e9ste la manten\u00eda bajo constantes amenazas para evitar que lo delatara.<br \/>La madre de la menor se\u00f1ala que eran cerca de las cinco de la tarde del pasado domingo 15 de agosto cuando se encontraba laborando en una maquiladora y vio llegar a su hija que le dijo que no quer\u00eda regresar a su casa, creyendo que era porque su pareja sentimental la hab\u00eda castigado.<br \/>Sin embargo, al tratar de llamar a una t\u00eda de la menor para que fuera a buscarla y regresarla a su domicilio, la ni\u00f1a relat\u00f3 que en realidad no quer\u00eda regresar,porque V\u00edctor Quijano estaba tratando de abusar sexualmente de ella y que esa no era la primera vez que lo hac\u00eda, pero explic\u00f3 que no dec\u00eda nada porque la amenazaba de que si hablaba, la iba a matar.<br \/>Al salir del trabajo, la mujer se fue a pasar la noche con su hija a casa de una de sus hermanas y al d\u00eda siguiente acudi\u00f3 a hablar con su psic\u00f3loga \u2013 ya que acude a terapias, debido a que tambi\u00e9n es v\u00edctima de maltrato f\u00edsico por parte de su amasio\u2014 quien le recomend\u00f3 acudir de inmediato a interponer una denuncia, enter\u00e1ndose entonces de que la ni\u00f1a habr\u00eda sido abusada sexualmente desde hac\u00eda varios a\u00f1os.<br \/>Ya con la denuncia y apoyadas las probanzas con el resultado arrojado por la valoraci\u00f3n psicol\u00f3gica efectuado a la menor, se detect\u00f3 que la ni\u00f1a presenta niveles significativos de depresi\u00f3n, sentimientos de tristeza, manifestaciones conductuales de llanto, aislamiento, soledad, poca autoestima, desamparo, preocupaciones de muerte y sentimientos de p\u00e9rdida manifestados a trav\u00e9s de sue\u00f1os y auto acusaci\u00f3n, por lo que se procedi\u00f3 a la aprehensi\u00f3n del inculpado para trasladarlo ante el Juez S\u00e9ptimo Penal que le requiere.<\/div>\n","protected":false},"excerpt":{"rendered":"<p>Por abusar de una ni\u00f1a de 11 a\u00f1os de edad, ayer fue detenido V\u00cdCTOR MANUEL QUIJANO MOO, de 36 a\u00f1os y vecino del sur de la ciudad. Fue detenido en<\/p>\n","protected":false},"author":1,"featured_media":28439,"comment_status":"open","ping_status":"open","sticky":false,"template":"","format":"standard","meta":{"jetpack_post_was_ever_published":false,"_jetpack_newsletter_access":"","_jetpack_dont_email_post_to_subs":false,"_jetpack_newsletter_tier_id":0,"_jetpack_memberships_contains_paywalled_content":false,"_jetpack_memberships_contains_paid_content":false,"footnotes":"","jetpack_publicize_message":"","jetpack_publicize_feature_enabled":true,"jetpack_social_post_already_shared":false,"jetpack_social_options":{"image_generator_settings":{"template":"highway","default_image_id":0,"font":"","enabled":false},"version":2}},"categories":[3,1,55],"tags":[],"class_list":["post-9312","post","type-post","status-publish","format-standard","has-post-thumbnail","hentry","category-portada","category-sin-categoria","category-violines"],"jetpack_publicize_connections":[],"jetpack_featured_media_url":"https:\/\/formalprision.com\/wp-content\/uploads\/2010\/09\/GetAttachment91.jpg","jetpack_sharing_enabled":true,"jetpack_shortlink":"https:\/\/wp.me\/p6id8p-2qc","_links":{"self":[{"href":"https:\/\/formalprision.com\/index.php?rest_route=\/wp\/v2\/posts\/9312","targetHints":{"allow":["GET"]}}],"collection":[{"href":"https:\/\/formalprision.com\/index.php?rest_route=\/wp\/v2\/posts"}],"about":[{"href":"https:\/\/formalprision.com\/index.php?rest_route=\/wp\/v2\/types\/post"}],"author":[{"embeddable":true,"href":"https:\/\/formalprision.com\/index.php?rest_route=\/wp\/v2\/users\/1"}],"replies":[{"embeddable":true,"href":"https:\/\/formalprision.com\/index.php?rest_route=%2Fwp%2Fv2%2Fcomments&post=9312"}],"version-history":[{"count":0,"href":"https:\/\/formalprision.com\/index.php?rest_route=\/wp\/v2\/posts\/9312\/revisions"}],"wp:featuredmedia":[{"embeddable":true,"href":"https:\/\/formalprision.com\/index.php?rest_route=\/wp\/v2\/media\/28439"}],"wp:attachment":[{"href":"https:\/\/formalprision.com\/index.php?rest_route=%2Fwp%2Fv2%2Fmedia&parent=9312"}],"wp:term":[{"taxonomy":"category","embeddable":true,"href":"https:\/\/formalprision.com\/index.php?rest_route=%2Fwp%2Fv2%2Fcategories&post=9312"},{"taxonomy":"post_tag","embeddable":true,"href":"https:\/\/formalprision.com\/index.php?rest_route=%2Fwp%2Fv2%2Ftags&post=9312"}],"curies":[{"name":"wp","href":"https:\/\/api.w.org\/{rel}","templated":true}]}}