{"id":9322,"date":"2010-09-04T22:37:00","date_gmt":"2010-09-04T22:37:00","guid":{"rendered":"http:\/\/formalprision.info\/2010\/09\/04\/meridano-muere-los-102-anos-en-su-casa\/"},"modified":"2015-06-03T09:01:00","modified_gmt":"2015-06-03T09:01:00","slug":"meridano-muere-los-102-anos-en-su-casa","status":"publish","type":"post","link":"https:\/\/formalprision.com\/?p=9322","title":{"rendered":"Meridano muere a los 102 a\u00f1os en su casa del centro"},"content":{"rendered":"<p><a href=\"http:\/\/3.bp.blogspot.com\/_QwiJz8zwaOw\/TIKiJZLZlrI\/AAAAAAAABdM\/nBTUYScaXRw\/s1600\/03-longevos-1040ss052809%5B1%5D.jpg\"><img decoding=\"async\" id=\"BLOGGER_PHOTO_ID_5513147176116131506\" style=\"FLOAT: left; MARGIN: 0px 10px 10px 0px; WIDTH: 320px; CURSOR: hand; HEIGHT: 290px\" alt=\"\" src=\"http:\/\/formalprision.com\/wp-content\/uploads\/2010\/09\/03-longevos-1040ss0528091.jpg\" border=\"0\" \/><\/a><\/p>\n<div>Uno de los hombres m\u00e1s viejos de M\u00e9rida muri\u00f3 ayer en su domicilio de la calle 46 entre 63 y 65 del centro.<\/div>\n<p><\/p>\n<div>Alonso Canul Ek, quien naci\u00f3 antes de la Revoluci\u00f3n m\u00e9xicana de 1910, muri\u00f3 a los 102 a\u00f1os, aunque en honor a la verdad ya llevaba bastante tiempo algo lent\u00f3n por los achaques y males propios de su edad.<\/div>\n<p><\/p>\n<div>Adem\u00e1s, estaba algo trist\u00f3n porque sus cuates se murieron hace mucho y ya no ten\u00eda amigos de su edad para platicar y ni siquiera sab\u00eda usar el Twitter para entretenerse.<\/div>\n<p><\/p>\n<div>El cuerpo fue identificado por su hija Mar\u00eda Patricia Canul Ek, quien dijo a la polic\u00f1ia que ayer a las 17:00 horas cuando le llev\u00f3 la comida a su padre, se percat\u00f3 de que estaba inm\u00f3vil y no le respond\u00eda,.<\/div>\n<div>Se acerc\u00f3 a verlo, pero mejor pidi\u00f3 una ambulancia porque de por si no se mov\u00eda mucho, por lo que pens\u00f3 que pudiera estar vivo.<\/div>\n<div>Los param\u00e9dicos llegaron y valoraron al centenario hombre y le informan a la mujer que su padre hab\u00eda expirado por infarto agudo al miocardio.<\/div>\n<div>Las personas que aparecen en la fotograf\u00eda son los m\u00e1s longevos del mundo, en una reuni\u00f3n celebrada este a\u00f1o en Europa <\/div>\n","protected":false},"excerpt":{"rendered":"<p>Uno de los hombres m\u00e1s viejos de M\u00e9rida muri\u00f3 ayer en su domicilio de la calle 46 entre 63 y 65 del centro. Alonso Canul Ek, quien naci\u00f3 antes de<\/p>\n","protected":false},"author":1,"featured_media":28460,"comment_status":"open","ping_status":"open","sticky":false,"template":"","format":"standard","meta":{"jetpack_post_was_ever_published":false,"_jetpack_newsletter_access":"","_jetpack_dont_email_post_to_subs":false,"_jetpack_newsletter_tier_id":0,"_jetpack_memberships_contains_paywalled_content":false,"_jetpack_memberships_contains_paid_content":false,"footnotes":"","jetpack_publicize_message":"","jetpack_publicize_feature_enabled":true,"jetpack_social_post_already_shared":false,"jetpack_social_options":{"image_generator_settings":{"template":"highway","default_image_id":0,"font":"","enabled":false},"version":2}},"categories":[50,3,1],"tags":[],"class_list":["post-9322","post","type-post","status-publish","format-standard","has-post-thumbnail","hentry","category-machines","category-portada","category-sin-categoria"],"jetpack_publicize_connections":[],"jetpack_featured_media_url":"https:\/\/formalprision.com\/wp-content\/uploads\/2010\/09\/03-longevos-1040ss0528091.jpg","jetpack_sharing_enabled":true,"jetpack_shortlink":"https:\/\/wp.me\/p6id8p-2qm","_links":{"self":[{"href":"https:\/\/formalprision.com\/index.php?rest_route=\/wp\/v2\/posts\/9322","targetHints":{"allow":["GET"]}}],"collection":[{"href":"https:\/\/formalprision.com\/index.php?rest_route=\/wp\/v2\/posts"}],"about":[{"href":"https:\/\/formalprision.com\/index.php?rest_route=\/wp\/v2\/types\/post"}],"author":[{"embeddable":true,"href":"https:\/\/formalprision.com\/index.php?rest_route=\/wp\/v2\/users\/1"}],"replies":[{"embeddable":true,"href":"https:\/\/formalprision.com\/index.php?rest_route=%2Fwp%2Fv2%2Fcomments&post=9322"}],"version-history":[{"count":0,"href":"https:\/\/formalprision.com\/index.php?rest_route=\/wp\/v2\/posts\/9322\/revisions"}],"wp:featuredmedia":[{"embeddable":true,"href":"https:\/\/formalprision.com\/index.php?rest_route=\/wp\/v2\/media\/28460"}],"wp:attachment":[{"href":"https:\/\/formalprision.com\/index.php?rest_route=%2Fwp%2Fv2%2Fmedia&parent=9322"}],"wp:term":[{"taxonomy":"category","embeddable":true,"href":"https:\/\/formalprision.com\/index.php?rest_route=%2Fwp%2Fv2%2Fcategories&post=9322"},{"taxonomy":"post_tag","embeddable":true,"href":"https:\/\/formalprision.com\/index.php?rest_route=%2Fwp%2Fv2%2Ftags&post=9322"}],"curies":[{"name":"wp","href":"https:\/\/api.w.org\/{rel}","templated":true}]}}