{"id":9324,"date":"2010-09-04T19:46:00","date_gmt":"2010-09-04T19:46:00","guid":{"rendered":"http:\/\/formalprision.info\/2010\/09\/04\/gobernadora-realiza-encuesta-para\/"},"modified":"2015-06-03T09:01:00","modified_gmt":"2015-06-03T09:01:00","slug":"gobernadora-realiza-encuesta-para","status":"publish","type":"post","link":"https:\/\/formalprision.com\/?p=9324","title":{"rendered":"Gobernadora realiza encuesta para realizaci\u00f3n del grito en Paseo de Montejo"},"content":{"rendered":"<p><a href=\"http:\/\/2.bp.blogspot.com\/_QwiJz8zwaOw\/TIKdARx8lVI\/AAAAAAAABc8\/RFa7azZ4v9g\/s1600\/monumento-a-la-patria%5B1%5D.jpg\"><img decoding=\"async\" id=\"BLOGGER_PHOTO_ID_5513141521953363282\" style=\"FLOAT: left; MARGIN: 0px 10px 10px 0px; WIDTH: 260px; CURSOR: hand; HEIGHT: 320px\" alt=\"\" src=\"http:\/\/formalprision.com\/wp-content\/uploads\/2010\/09\/monumento-a-la-patria11.jpg\" border=\"0\" \/><\/a><\/p>\n<div>Despu\u00e9s de asistir a la inauguraci\u00f3n de la boutique de moda, la tienda Ib\u00f3nica en Altabrisa, la goernadora Ivonne Ortega Pacheco se fue a dormir anoche y hoy temprano al parecer se levant\u00f3 muy contenta, pues decidi\u00f3 someter a una mini consulta abierta la realizaci\u00f3n de la ceremonia del grito de independnecia en el Monumento a la Patria.<\/div>\n<p><\/p>\n<div>A trav\u00e9s de su cuenta de Twitter, la gobernadora pregunt\u00f3 lo siguiente:<\/div>\n<p><\/p>\n<div>Qu\u00e9 les parece la idea de festejar el bicentenario de nuestra independencia en el Monumento a la Patria?.<\/div>\n<p><\/p>\n<div>Pese a que no ha informado de los resultados de su encuesta se da por descontado que a sus seguidores le agrada la idea o al menos eso se har\u00e1 p\u00fablico porque el gobierno del Estado ya decidi\u00f3 que se realice en esa zona del Paseo de Montejo los festejos, que incluir\u00e1n la actuaci\u00f3n del cantante puyul Juan Gabriel.<\/div>\n","protected":false},"excerpt":{"rendered":"<p>Despu\u00e9s de asistir a la inauguraci\u00f3n de la boutique de moda, la tienda Ib\u00f3nica en Altabrisa, la goernadora Ivonne Ortega Pacheco se fue a dormir anoche y hoy temprano al<\/p>\n","protected":false},"author":1,"featured_media":28464,"comment_status":"open","ping_status":"open","sticky":false,"template":"","format":"standard","meta":{"jetpack_post_was_ever_published":false,"_jetpack_newsletter_access":"","_jetpack_dont_email_post_to_subs":false,"_jetpack_newsletter_tier_id":0,"_jetpack_memberships_contains_paywalled_content":false,"_jetpack_memberships_contains_paid_content":false,"footnotes":"","jetpack_publicize_message":"","jetpack_publicize_feature_enabled":true,"jetpack_social_post_already_shared":false,"jetpack_social_options":{"image_generator_settings":{"template":"highway","default_image_id":0,"font":"","enabled":false},"version":2}},"categories":[3,1,49],"tags":[],"class_list":["post-9324","post","type-post","status-publish","format-standard","has-post-thumbnail","hentry","category-portada","category-sin-categoria","category-tocho-morocho"],"jetpack_publicize_connections":[],"jetpack_featured_media_url":"https:\/\/formalprision.com\/wp-content\/uploads\/2010\/09\/monumento-a-la-patria11.jpg","jetpack_sharing_enabled":true,"jetpack_shortlink":"https:\/\/wp.me\/p6id8p-2qo","_links":{"self":[{"href":"https:\/\/formalprision.com\/index.php?rest_route=\/wp\/v2\/posts\/9324","targetHints":{"allow":["GET"]}}],"collection":[{"href":"https:\/\/formalprision.com\/index.php?rest_route=\/wp\/v2\/posts"}],"about":[{"href":"https:\/\/formalprision.com\/index.php?rest_route=\/wp\/v2\/types\/post"}],"author":[{"embeddable":true,"href":"https:\/\/formalprision.com\/index.php?rest_route=\/wp\/v2\/users\/1"}],"replies":[{"embeddable":true,"href":"https:\/\/formalprision.com\/index.php?rest_route=%2Fwp%2Fv2%2Fcomments&post=9324"}],"version-history":[{"count":0,"href":"https:\/\/formalprision.com\/index.php?rest_route=\/wp\/v2\/posts\/9324\/revisions"}],"wp:featuredmedia":[{"embeddable":true,"href":"https:\/\/formalprision.com\/index.php?rest_route=\/wp\/v2\/media\/28464"}],"wp:attachment":[{"href":"https:\/\/formalprision.com\/index.php?rest_route=%2Fwp%2Fv2%2Fmedia&parent=9324"}],"wp:term":[{"taxonomy":"category","embeddable":true,"href":"https:\/\/formalprision.com\/index.php?rest_route=%2Fwp%2Fv2%2Fcategories&post=9324"},{"taxonomy":"post_tag","embeddable":true,"href":"https:\/\/formalprision.com\/index.php?rest_route=%2Fwp%2Fv2%2Ftags&post=9324"}],"curies":[{"name":"wp","href":"https:\/\/api.w.org\/{rel}","templated":true}]}}