{"id":9328,"date":"2010-09-02T23:24:00","date_gmt":"2010-09-02T23:24:00","guid":{"rendered":"http:\/\/formalprision.info\/2010\/09\/02\/detenido-por-transportar-130-costales\/"},"modified":"2015-06-03T09:01:01","modified_gmt":"2015-06-03T09:01:01","slug":"detenido-por-transportar-130-costales","status":"publish","type":"post","link":"https:\/\/formalprision.com\/?p=9328","title":{"rendered":"Detenido por transportar 130 costales de carb\u00f3n"},"content":{"rendered":"<p><a href=\"http:\/\/2.bp.blogspot.com\/_QwiJz8zwaOw\/TIAcUdL2EPI\/AAAAAAAABcc\/NxEgRWgo-Xc\/s1600\/GetAttachment%5B3%5D.jpg\"><img decoding=\"async\" id=\"BLOGGER_PHOTO_ID_5512437081658757362\" style=\"FLOAT: left; MARGIN: 0px 10px 10px 0px; WIDTH: 185px; CURSOR: hand; HEIGHT: 160px\" alt=\"\" src=\"http:\/\/formalprision.com\/wp-content\/uploads\/2010\/09\/GetAttachment32.jpg\" border=\"0\" \/><\/a><\/p>\n<div><a href=\"http:\/\/3.bp.blogspot.com\/_QwiJz8zwaOw\/TIAcGCOQewI\/AAAAAAAABcU\/N5BDhIv_EMU\/s1600\/GetAttachment%5B7%5D.jpg\"><img decoding=\"async\" id=\"BLOGGER_PHOTO_ID_5512436833902951170\" style=\"FLOAT: left; MARGIN: 0px 10px 10px 0px; WIDTH: 220px; CURSOR: hand; HEIGHT: 146px\" alt=\"\" src=\"http:\/\/formalprision.com\/wp-content\/uploads\/2010\/09\/GetAttachment74.jpg\" border=\"0\" \/><\/a><\/p>\n<div>Abimael Noh Pech fue denido por transportar carb\u00f3n vegetal en Yaxcab\u00e1.<\/div>\n<div>Lo detuvo personal de la Procuradur\u00eda Federal de Protecci\u00f3n al Ambiente, en el tramo de las comisar\u00edas Kanacom-Tiholop a la altura de la localidad de San Pedro, en el municipio de Yaxcab\u00e1.<\/div>\n<div>Le marcaron el alto para una inspecci\u00f3n de rutina a un veh\u00edculo marca Chevrolet, modelo Custom Delux, , con placas de circulaci\u00f3n YP43324 ylocalizaron 9.996 metros c\u00fabicos de carb\u00f3n vegetal distribuidos en 130 costales, sin la documentaci\u00f3n que acreditara su legal procedencia.<br \/>El cargamento fue puesto a disposici\u00f3n de la Procuradur\u00eda Federal del Medio Ambiente, mientras que el indiciado fue internado ya en el Centro de Readaptaci\u00f3n Social del estado, donde enfrentar\u00e1 su proceso penal, una vez que el Fiscal Federal integr\u00f3 los elementos de prueba en su contra. <\/div>\n<\/div>\n","protected":false},"excerpt":{"rendered":"<p>Abimael Noh Pech fue denido por transportar carb\u00f3n vegetal en Yaxcab\u00e1. Lo detuvo personal de la Procuradur\u00eda Federal de Protecci\u00f3n al Ambiente, en el tramo de las comisar\u00edas Kanacom-Tiholop a<\/p>\n","protected":false},"author":1,"featured_media":28472,"comment_status":"open","ping_status":"open","sticky":false,"template":"","format":"standard","meta":{"jetpack_post_was_ever_published":false,"_jetpack_newsletter_access":"","_jetpack_dont_email_post_to_subs":false,"_jetpack_newsletter_tier_id":0,"_jetpack_memberships_contains_paywalled_content":false,"_jetpack_memberships_contains_paid_content":false,"footnotes":"","jetpack_publicize_message":"","jetpack_publicize_feature_enabled":true,"jetpack_social_post_already_shared":false,"jetpack_social_options":{"image_generator_settings":{"template":"highway","default_image_id":0,"font":"","enabled":false},"version":2}},"categories":[3,1,49],"tags":[],"class_list":["post-9328","post","type-post","status-publish","format-standard","has-post-thumbnail","hentry","category-portada","category-sin-categoria","category-tocho-morocho"],"jetpack_publicize_connections":[],"jetpack_featured_media_url":"https:\/\/formalprision.com\/wp-content\/uploads\/2010\/09\/GetAttachment32.jpg","jetpack_sharing_enabled":true,"jetpack_shortlink":"https:\/\/wp.me\/p6id8p-2qs","_links":{"self":[{"href":"https:\/\/formalprision.com\/index.php?rest_route=\/wp\/v2\/posts\/9328","targetHints":{"allow":["GET"]}}],"collection":[{"href":"https:\/\/formalprision.com\/index.php?rest_route=\/wp\/v2\/posts"}],"about":[{"href":"https:\/\/formalprision.com\/index.php?rest_route=\/wp\/v2\/types\/post"}],"author":[{"embeddable":true,"href":"https:\/\/formalprision.com\/index.php?rest_route=\/wp\/v2\/users\/1"}],"replies":[{"embeddable":true,"href":"https:\/\/formalprision.com\/index.php?rest_route=%2Fwp%2Fv2%2Fcomments&post=9328"}],"version-history":[{"count":0,"href":"https:\/\/formalprision.com\/index.php?rest_route=\/wp\/v2\/posts\/9328\/revisions"}],"wp:featuredmedia":[{"embeddable":true,"href":"https:\/\/formalprision.com\/index.php?rest_route=\/wp\/v2\/media\/28472"}],"wp:attachment":[{"href":"https:\/\/formalprision.com\/index.php?rest_route=%2Fwp%2Fv2%2Fmedia&parent=9328"}],"wp:term":[{"taxonomy":"category","embeddable":true,"href":"https:\/\/formalprision.com\/index.php?rest_route=%2Fwp%2Fv2%2Fcategories&post=9328"},{"taxonomy":"post_tag","embeddable":true,"href":"https:\/\/formalprision.com\/index.php?rest_route=%2Fwp%2Fv2%2Ftags&post=9328"}],"curies":[{"name":"wp","href":"https:\/\/api.w.org\/{rel}","templated":true}]}}