{"id":9329,"date":"2010-09-02T17:24:00","date_gmt":"2010-09-02T17:24:00","guid":{"rendered":"http:\/\/formalprision.info\/2010\/09\/02\/sitiaran-el-paseo-de-montejo-por-e\/"},"modified":"2015-06-03T09:01:01","modified_gmt":"2015-06-03T09:01:01","slug":"sitiaran-el-paseo-de-montejo-por-e","status":"publish","type":"post","link":"https:\/\/formalprision.com\/?p=9329","title":{"rendered":"Sitiar\u00e1n el Paseo de Montejo por el grito del Bicentenario"},"content":{"rendered":"<p><a href=\"http:\/\/1.bp.blogspot.com\/_QwiJz8zwaOw\/TH_S4eOOYuI\/AAAAAAAABcM\/AyEUhP95RCE\/s1600\/monumento-a-la-patria%5B1%5D.jpg\"><img decoding=\"async\" id=\"BLOGGER_PHOTO_ID_5512356336552010466\" style=\"FLOAT: left; MARGIN: 0px 10px 10px 0px; WIDTH: 260px; CURSOR: hand; HEIGHT: 320px\" alt=\"\" src=\"http:\/\/formalprision.com\/wp-content\/uploads\/2010\/09\/monumento-a-la-patria12.jpg\" border=\"0\" \/><\/a><\/p>\n<div><\/p>\n<div>En el operativo de seguridad para la ceremonia del Grito de Independencia en M\u00e9rida, a celebrarse en el Paseo de Montejo, habr\u00e1 mucha vigilancia, con participaci\u00f3n de autoridades federales, estatales y municipales.<\/div>\n<p><\/p>\n<div>Ayer se hizo una pr\u00e1ctica del operativo en el monumento a la Patria y sus inmediaciones, con elementos y unidades de la Secretar\u00eda de Seguridad P\u00fablica, la Procuradur\u00eda General de Justicia del Estado, el C-4 y la Secretar\u00eda de Salud.<br \/>Polic\u00edas preventivos y ministeriales, personal de inteligencia, bomberos, param\u00e9dicos, personal del sector salud, y la unidad canina de la SSP, se ubicaron moment\u00e1neamente en calles y puntos estrat\u00e9gicos donde estar\u00e1n destacados la noche del 15 de septiembre con la misi\u00f3n de que los festejos por el Bicentenario de la Independencia transcurran con seguridad.<br \/>Entre las medidas de seguridad est\u00e1n los puestos de revisi\u00f3n y control, filtros de acceso al \u00e1rea de la celebraci\u00f3n, vigilancia desde torres y en rondas, as\u00ed como monitoreo de c\u00e1maras de videovigilancia. <\/div>\n<\/div>\n","protected":false},"excerpt":{"rendered":"<p>En el operativo de seguridad para la ceremonia del Grito de Independencia en M\u00e9rida, a celebrarse en el Paseo de Montejo, habr\u00e1 mucha vigilancia, con participaci\u00f3n de autoridades federales, estatales<\/p>\n","protected":false},"author":1,"featured_media":28475,"comment_status":"open","ping_status":"open","sticky":false,"template":"","format":"standard","meta":{"jetpack_post_was_ever_published":false,"_jetpack_newsletter_access":"","_jetpack_dont_email_post_to_subs":false,"_jetpack_newsletter_tier_id":0,"_jetpack_memberships_contains_paywalled_content":false,"_jetpack_memberships_contains_paid_content":false,"footnotes":"","jetpack_publicize_message":"","jetpack_publicize_feature_enabled":true,"jetpack_social_post_already_shared":false,"jetpack_social_options":{"image_generator_settings":{"template":"highway","default_image_id":0,"font":"","enabled":false},"version":2}},"categories":[3,1,49],"tags":[],"class_list":["post-9329","post","type-post","status-publish","format-standard","has-post-thumbnail","hentry","category-portada","category-sin-categoria","category-tocho-morocho"],"jetpack_publicize_connections":[],"jetpack_featured_media_url":"https:\/\/formalprision.com\/wp-content\/uploads\/2010\/09\/monumento-a-la-patria12.jpg","jetpack_sharing_enabled":true,"jetpack_shortlink":"https:\/\/wp.me\/p6id8p-2qt","_links":{"self":[{"href":"https:\/\/formalprision.com\/index.php?rest_route=\/wp\/v2\/posts\/9329","targetHints":{"allow":["GET"]}}],"collection":[{"href":"https:\/\/formalprision.com\/index.php?rest_route=\/wp\/v2\/posts"}],"about":[{"href":"https:\/\/formalprision.com\/index.php?rest_route=\/wp\/v2\/types\/post"}],"author":[{"embeddable":true,"href":"https:\/\/formalprision.com\/index.php?rest_route=\/wp\/v2\/users\/1"}],"replies":[{"embeddable":true,"href":"https:\/\/formalprision.com\/index.php?rest_route=%2Fwp%2Fv2%2Fcomments&post=9329"}],"version-history":[{"count":0,"href":"https:\/\/formalprision.com\/index.php?rest_route=\/wp\/v2\/posts\/9329\/revisions"}],"wp:featuredmedia":[{"embeddable":true,"href":"https:\/\/formalprision.com\/index.php?rest_route=\/wp\/v2\/media\/28475"}],"wp:attachment":[{"href":"https:\/\/formalprision.com\/index.php?rest_route=%2Fwp%2Fv2%2Fmedia&parent=9329"}],"wp:term":[{"taxonomy":"category","embeddable":true,"href":"https:\/\/formalprision.com\/index.php?rest_route=%2Fwp%2Fv2%2Fcategories&post=9329"},{"taxonomy":"post_tag","embeddable":true,"href":"https:\/\/formalprision.com\/index.php?rest_route=%2Fwp%2Fv2%2Ftags&post=9329"}],"curies":[{"name":"wp","href":"https:\/\/api.w.org\/{rel}","templated":true}]}}