{"id":9358,"date":"2010-08-25T19:09:00","date_gmt":"2010-08-25T19:09:00","guid":{"rendered":"http:\/\/formalprision.info\/2010\/08\/25\/priista-acuchilla-su-vecino\/"},"modified":"2015-06-03T09:01:09","modified_gmt":"2015-06-03T09:01:09","slug":"priista-acuchilla-su-vecino","status":"publish","type":"post","link":"https:\/\/formalprision.com\/?p=9358","title":{"rendered":"Priista acuchilla a su vecino"},"content":{"rendered":"<p><a href=\"http:\/\/2.bp.blogspot.com\/_QwiJz8zwaOw\/THVrkI8enNI\/AAAAAAAABXw\/Jvz4Vjsy4TY\/s1600\/aataca%5B1%5D.jpg\"><img decoding=\"async\" id=\"BLOGGER_PHOTO_ID_5509427987778280658\" style=\"FLOAT: left; MARGIN: 0px 10px 10px 0px; WIDTH: 320px; CURSOR: hand; HEIGHT: 270px\" alt=\"\" src=\"http:\/\/formalprision.com\/wp-content\/uploads\/2010\/08\/aataca1.jpg\" border=\"0\" \/><\/a><\/p>\n<div>La polic\u00eda municipal de Progreso detuvo la tarde de ayer a CORNELIO MORENO HERNANDEZ, alias \u00abEl negro\u00bb, de 36 a\u00f1os, por agredir con un cuchillo a un vecino de Flamboyanes.<\/div>\n<div>El agresor, quien es simpatizante del PRI y que hasta ten\u00eda puesta su playera de \u00abProgreso como te quiero\u00bb de las pasadas elecciones, fue sometido en la calle 60 X 53\u00aa Y 53B del fraccionamiento Flamboyanes.<\/div>\n<div>Trascendi\u00f3 que la agresi\u00f3n fue por una discusi\u00f3n, a lo mejor de pol\u00edtica.<\/div>\n<div>El pri\u00edsta tiene domicilio en la calle 51-C # 573 x 58 y 60 del mismo fraccionamiento y al parecer por viejas rencillas acuchill\u00f3 a JUAN CARLOS MARISCAL VAZQUEZ en el hombro izquierdo.<\/div>\n<p><\/p>\n<div>Los reportes indican que el lesionado, vecino de la calle 60 #664 X 53\u00aa Y 53B de Flamboyanes solicit\u00f3 la detenci\u00f3n del \u00abfan del PRI\u00bb, la cual estuvo a cargo de la unidad (7025) al mando del agente Manuel Can Grimaro con apoyo de los agentes Pablo Belmonte Leiva, Jorge Ake Ake, Jos\u00e9 Ek Cauich y Jos\u00e9 Cauich Ku (Con informaci\u00f3n de Progresohoy.com)<\/div>\n","protected":false},"excerpt":{"rendered":"<p>La polic\u00eda municipal de Progreso detuvo la tarde de ayer a CORNELIO MORENO HERNANDEZ, alias \u00abEl negro\u00bb, de 36 a\u00f1os, por agredir con un cuchillo a un vecino de Flamboyanes.<\/p>\n","protected":false},"author":1,"featured_media":28531,"comment_status":"open","ping_status":"open","sticky":false,"template":"","format":"standard","meta":{"jetpack_post_was_ever_published":false,"_jetpack_newsletter_access":"","_jetpack_dont_email_post_to_subs":false,"_jetpack_newsletter_tier_id":0,"_jetpack_memberships_contains_paywalled_content":false,"_jetpack_memberships_contains_paid_content":false,"footnotes":"","jetpack_publicize_message":"","jetpack_publicize_feature_enabled":true,"jetpack_social_post_already_shared":false,"jetpack_social_options":{"image_generator_settings":{"template":"highway","default_image_id":0,"font":"","enabled":false},"version":2}},"categories":[50,1],"tags":[],"class_list":["post-9358","post","type-post","status-publish","format-standard","has-post-thumbnail","hentry","category-machines","category-sin-categoria"],"jetpack_publicize_connections":[],"jetpack_featured_media_url":"https:\/\/formalprision.com\/wp-content\/uploads\/2010\/08\/aataca1.jpg","jetpack_sharing_enabled":true,"jetpack_shortlink":"https:\/\/wp.me\/p6id8p-2qW","_links":{"self":[{"href":"https:\/\/formalprision.com\/index.php?rest_route=\/wp\/v2\/posts\/9358","targetHints":{"allow":["GET"]}}],"collection":[{"href":"https:\/\/formalprision.com\/index.php?rest_route=\/wp\/v2\/posts"}],"about":[{"href":"https:\/\/formalprision.com\/index.php?rest_route=\/wp\/v2\/types\/post"}],"author":[{"embeddable":true,"href":"https:\/\/formalprision.com\/index.php?rest_route=\/wp\/v2\/users\/1"}],"replies":[{"embeddable":true,"href":"https:\/\/formalprision.com\/index.php?rest_route=%2Fwp%2Fv2%2Fcomments&post=9358"}],"version-history":[{"count":0,"href":"https:\/\/formalprision.com\/index.php?rest_route=\/wp\/v2\/posts\/9358\/revisions"}],"wp:featuredmedia":[{"embeddable":true,"href":"https:\/\/formalprision.com\/index.php?rest_route=\/wp\/v2\/media\/28531"}],"wp:attachment":[{"href":"https:\/\/formalprision.com\/index.php?rest_route=%2Fwp%2Fv2%2Fmedia&parent=9358"}],"wp:term":[{"taxonomy":"category","embeddable":true,"href":"https:\/\/formalprision.com\/index.php?rest_route=%2Fwp%2Fv2%2Fcategories&post=9358"},{"taxonomy":"post_tag","embeddable":true,"href":"https:\/\/formalprision.com\/index.php?rest_route=%2Fwp%2Fv2%2Ftags&post=9358"}],"curies":[{"name":"wp","href":"https:\/\/api.w.org\/{rel}","templated":true}]}}