{"id":9364,"date":"2010-08-23T15:41:00","date_gmt":"2010-08-23T15:41:00","guid":{"rendered":"http:\/\/formalprision.info\/2010\/08\/23\/una-fresa-entre-los-asaltantes-piojos\/"},"modified":"2015-06-03T09:01:10","modified_gmt":"2015-06-03T09:01:10","slug":"una-fresa-entre-los-asaltantes-piojos","status":"publish","type":"post","link":"https:\/\/formalprision.com\/?p=9364","title":{"rendered":"Una fresa entre los asaltantes piojos"},"content":{"rendered":"<p><a href=\"http:\/\/3.bp.blogspot.com\/_QwiJz8zwaOw\/THKaC4Br77I\/AAAAAAAABWw\/JeALHeOn-Fs\/s1600\/crea_thumb%5B2%5D.jpg\"><img decoding=\"async\" id=\"BLOGGER_PHOTO_ID_5508634668417413042\" style=\"FLOAT: left; MARGIN: 0px 10px 10px 0px; WIDTH: 245px; CURSOR: hand; HEIGHT: 185px\" alt=\"\" src=\"http:\/\/formalprision.com\/wp-content\/uploads\/2010\/08\/crea_thumb2.jpg\" border=\"0\" \/><\/a><\/p>\n<div>Entre los asaltantes de la maquiladora de Tixkokob que fueron detenidos el fin de semana figura la hija del fallecido poeta yucateco Juan Duch Gary.<\/div>\n<p><\/p>\n<div>La joven Carolina Duch C\u00e1ceres ha sido involucrada con la banda de asaltantes, una situaci\u00fan que llama la atenci\u00f3n porque ella es de clase acomodada y sus c\u00f3mplices de extracci\u00f3n humilde.<\/div>\n<p><\/p>\n<div>Las primeras investigaciones indican que la joven Duch C\u00e1ceres manten\u00eda una relaci\u00f3n sentimental con otro de los detenidos, pero hay versiones que se\u00f1alan que la relaci\u00f3n era laboral, pues se conocieron en el trabajo, en una agencia de bienes y ra\u00edces.<\/div>\n<p><\/p>\n<div>Los dem\u00e1s detenidos son Carlos Erick Ruiz Tun, Jos\u00e9 Teodoro Ek Uc y V\u00edctor Armando Chan Chan.<\/div>\n<p><\/p>\n<div>Seg\u00fan los informes de la polic\u00eda, la joven Duch C\u00e1ceres vive en la colonia Campestre y es una de los dos hijos del matrimonio que formaron el poeta Juan Duch Gary y Evangelina C\u00e1ceres Acereto. Tiene un hermano de nombre Juan.<\/div>\n<p><\/p>\n<div>El poeta Duch Gary falleci\u00f3 en Coatzacoalcos, Veracruz, en el a\u00f1o 2003.<\/div>\n<p><\/p>\n<div>Todo parece indicar que la ideolog\u00eda comunista de su padre influy\u00f3 en la joven, quien es se\u00f1alada como liberal y \u00abhippie\u00bb por sus amigos.<\/div>\n<p><\/p>\n<div>La muchacha es se\u00f1alada como la persona que manej\u00f3 la camioneta en la que huyeron los asaltantes despu\u00e9s del atraco, perpetrado el s\u00e1bado pasado.<\/div>\n<p><\/p>\n<div><\/div>\n","protected":false},"excerpt":{"rendered":"<p>Entre los asaltantes de la maquiladora de Tixkokob que fueron detenidos el fin de semana figura la hija del fallecido poeta yucateco Juan Duch Gary. La joven Carolina Duch C\u00e1ceres<\/p>\n","protected":false},"author":1,"featured_media":28543,"comment_status":"open","ping_status":"open","sticky":false,"template":"","format":"standard","meta":{"jetpack_post_was_ever_published":false,"_jetpack_newsletter_access":"","_jetpack_dont_email_post_to_subs":false,"_jetpack_newsletter_tier_id":0,"_jetpack_memberships_contains_paywalled_content":false,"_jetpack_memberships_contains_paid_content":false,"footnotes":"","jetpack_publicize_message":"","jetpack_publicize_feature_enabled":true,"jetpack_social_post_already_shared":false,"jetpack_social_options":{"image_generator_settings":{"template":"highway","default_image_id":0,"font":"","enabled":false},"version":2}},"categories":[45,48,1],"tags":[],"class_list":["post-9364","post","type-post","status-publish","format-standard","has-post-thumbnail","hentry","category-delincuentes-vip","category-pecadoras","category-sin-categoria"],"jetpack_publicize_connections":[],"jetpack_featured_media_url":"https:\/\/formalprision.com\/wp-content\/uploads\/2010\/08\/crea_thumb2.jpg","jetpack_sharing_enabled":true,"jetpack_shortlink":"https:\/\/wp.me\/p6id8p-2r2","_links":{"self":[{"href":"https:\/\/formalprision.com\/index.php?rest_route=\/wp\/v2\/posts\/9364","targetHints":{"allow":["GET"]}}],"collection":[{"href":"https:\/\/formalprision.com\/index.php?rest_route=\/wp\/v2\/posts"}],"about":[{"href":"https:\/\/formalprision.com\/index.php?rest_route=\/wp\/v2\/types\/post"}],"author":[{"embeddable":true,"href":"https:\/\/formalprision.com\/index.php?rest_route=\/wp\/v2\/users\/1"}],"replies":[{"embeddable":true,"href":"https:\/\/formalprision.com\/index.php?rest_route=%2Fwp%2Fv2%2Fcomments&post=9364"}],"version-history":[{"count":0,"href":"https:\/\/formalprision.com\/index.php?rest_route=\/wp\/v2\/posts\/9364\/revisions"}],"wp:featuredmedia":[{"embeddable":true,"href":"https:\/\/formalprision.com\/index.php?rest_route=\/wp\/v2\/media\/28543"}],"wp:attachment":[{"href":"https:\/\/formalprision.com\/index.php?rest_route=%2Fwp%2Fv2%2Fmedia&parent=9364"}],"wp:term":[{"taxonomy":"category","embeddable":true,"href":"https:\/\/formalprision.com\/index.php?rest_route=%2Fwp%2Fv2%2Fcategories&post=9364"},{"taxonomy":"post_tag","embeddable":true,"href":"https:\/\/formalprision.com\/index.php?rest_route=%2Fwp%2Fv2%2Ftags&post=9364"}],"curies":[{"name":"wp","href":"https:\/\/api.w.org\/{rel}","templated":true}]}}