{"id":9414,"date":"2010-08-09T01:14:00","date_gmt":"2010-08-09T01:14:00","guid":{"rendered":"http:\/\/formalprision.info\/2010\/08\/09\/19-vandalos-detenidos-en-el-centro\/"},"modified":"2015-06-03T09:01:20","modified_gmt":"2015-06-03T09:01:20","slug":"19-vandalos-detenidos-en-el-centro","status":"publish","type":"post","link":"https:\/\/formalprision.com\/?p=9414","title":{"rendered":"19 v\u00e1ndalos detenidos en el centro"},"content":{"rendered":"<p><a href=\"http:\/\/4.bp.blogspot.com\/_QwiJz8zwaOw\/TF9f2QOl7yI\/AAAAAAAABRA\/NGacU4Rs_PA\/s1600\/GetAttachment%5B2%5D.jpg\"><img decoding=\"async\" id=\"BLOGGER_PHOTO_ID_5503222655343783714\" style=\"FLOAT: left; MARGIN: 0px 10px 10px 0px; WIDTH: 213px; CURSOR: hand; HEIGHT: 160px\" alt=\"\" src=\"http:\/\/formalprision.com\/wp-content\/uploads\/2010\/08\/GetAttachment210.jpg\" border=\"0\" \/><\/a><\/p>\n<div>Un grupo de 19 v\u00e1ndalos del sur de la ciudad fueron detenidos en la madrugada en el parque de Santa Ana, luego de que asaltaron y golpearon a dos tipos.<\/div>\n<p><\/p>\n<div>Todo sucedi\u00f3 cuando Abdo Labdin Rosado y Miguel Hern\u00e1ndez Osorio caminaban sobre Paseo de Montejo, a la altura del cruzamiento con la calle 45 percat\u00e1ndose que un grupo de j\u00f3venes se acercaban sobre la misma avenida.<\/div>\n<p><\/p>\n<div>Cuando estaban frente a ellos los v\u00e1ndalos comenzaron a insultarlos, por lo que corren, pero 6 de los bichos salieran tras ellos.<\/div>\n<p><\/p>\n<div>Miguel Hern\u00e1ndez es alcanzado en la explanada del parque de Santa Ana y dos de los sujetos le propinan patadas y uno de ellos, llamado Miguel de la Cruz Mart\u00ednez, le inflige una cortada de tres cent\u00edmetros a la altura del cuello con una botella de cerveza rota.<\/div>\n<p><\/p>\n<div>En ese instante pasa por el lugar la unidad policial 328 de la Polic\u00eda de M\u00e9rida y sus tripulantes arrestan a los transgresores de la ley.<br \/>Por medio de radio comunican a dos unidades m\u00e1s que se encontraban por el sector de la presencia de los dem\u00e1s involucrados en el hecho, por lo cual las unidades 242 y 327 se suman a la detenci\u00f3n de los otros involucrados, quienes estaban a sobre la calle 47 entre 56 y 54. <\/div>\n<p><\/p>\n<div>Entre los detenidos se encontraba una mujer y once hombres menores de edad; todos fueron trasladados al edificio municipal para posteriormente ser consignados al MP y agencia especializada en justicia para adolescentes respectivamente.<\/div>\n<p><\/p>\n<div>(en la foto de izquierda a derecha Azael Carrillo Garc\u00eda, Pablo Yam Yam, Ernesto Celis C\u00e9spedes, Carlos Uc Escobar, Miguel de la Cruz Mart\u00ednez, Israel Burgos May y Eduardo L\u00f3pez Realpozo) <\/div>\n","protected":false},"excerpt":{"rendered":"<p>Un grupo de 19 v\u00e1ndalos del sur de la ciudad fueron detenidos en la madrugada en el parque de Santa Ana, luego de que asaltaron y golpearon a dos tipos.<\/p>\n","protected":false},"author":1,"featured_media":28630,"comment_status":"open","ping_status":"open","sticky":false,"template":"","format":"standard","meta":{"jetpack_post_was_ever_published":false,"_jetpack_newsletter_access":"","_jetpack_dont_email_post_to_subs":false,"_jetpack_newsletter_tier_id":0,"_jetpack_memberships_contains_paywalled_content":false,"_jetpack_memberships_contains_paid_content":false,"footnotes":"","jetpack_publicize_message":"","jetpack_publicize_feature_enabled":true,"jetpack_social_post_already_shared":false,"jetpack_social_options":{"image_generator_settings":{"template":"highway","default_image_id":0,"font":"","enabled":false},"version":2}},"categories":[1,53],"tags":[],"class_list":["post-9414","post","type-post","status-publish","format-standard","has-post-thumbnail","hentry","category-sin-categoria","category-yo-no-fui"],"jetpack_publicize_connections":[],"jetpack_featured_media_url":"https:\/\/formalprision.com\/wp-content\/uploads\/2010\/08\/GetAttachment210.jpg","jetpack_sharing_enabled":true,"jetpack_shortlink":"https:\/\/wp.me\/p6id8p-2rQ","_links":{"self":[{"href":"https:\/\/formalprision.com\/index.php?rest_route=\/wp\/v2\/posts\/9414","targetHints":{"allow":["GET"]}}],"collection":[{"href":"https:\/\/formalprision.com\/index.php?rest_route=\/wp\/v2\/posts"}],"about":[{"href":"https:\/\/formalprision.com\/index.php?rest_route=\/wp\/v2\/types\/post"}],"author":[{"embeddable":true,"href":"https:\/\/formalprision.com\/index.php?rest_route=\/wp\/v2\/users\/1"}],"replies":[{"embeddable":true,"href":"https:\/\/formalprision.com\/index.php?rest_route=%2Fwp%2Fv2%2Fcomments&post=9414"}],"version-history":[{"count":0,"href":"https:\/\/formalprision.com\/index.php?rest_route=\/wp\/v2\/posts\/9414\/revisions"}],"wp:featuredmedia":[{"embeddable":true,"href":"https:\/\/formalprision.com\/index.php?rest_route=\/wp\/v2\/media\/28630"}],"wp:attachment":[{"href":"https:\/\/formalprision.com\/index.php?rest_route=%2Fwp%2Fv2%2Fmedia&parent=9414"}],"wp:term":[{"taxonomy":"category","embeddable":true,"href":"https:\/\/formalprision.com\/index.php?rest_route=%2Fwp%2Fv2%2Fcategories&post=9414"},{"taxonomy":"post_tag","embeddable":true,"href":"https:\/\/formalprision.com\/index.php?rest_route=%2Fwp%2Fv2%2Ftags&post=9414"}],"curies":[{"name":"wp","href":"https:\/\/api.w.org\/{rel}","templated":true}]}}