{"id":9439,"date":"2010-08-03T17:30:00","date_gmt":"2010-08-03T17:30:00","guid":{"rendered":"http:\/\/formalprision.info\/2010\/08\/03\/asaltan-farmacia-en-el-centro\/"},"modified":"2015-06-03T09:01:23","modified_gmt":"2015-06-03T09:01:23","slug":"asaltan-farmacia-en-el-centro","status":"publish","type":"post","link":"https:\/\/formalprision.com\/?p=9439","title":{"rendered":"Asaltan farmacia en el centro"},"content":{"rendered":"<p><a href=\"http:\/\/4.bp.blogspot.com\/_QwiJz8zwaOw\/TFhTO6Py5PI\/AAAAAAAABOA\/P9PEyUCIuuI\/s1600\/GetAttachment%5B2%5D.jpg\"><img decoding=\"async\" id=\"BLOGGER_PHOTO_ID_5501238460451841266\" style=\"FLOAT: left; MARGIN: 0px 10px 10px 0px; WIDTH: 213px; CURSOR: hand; HEIGHT: 160px\" alt=\"\" src=\"http:\/\/formalprision.com\/wp-content\/uploads\/2010\/08\/GetAttachment211.jpg\" border=\"0\" \/><\/a><\/p>\n<div>A temprana hora de ese martes se registr\u00f3 un asalto en el centro, pero la Polic\u00eda de M\u00e9rida logr\u00f3 detener al asaltante, quien se llama Sergio Ivan Crespo Cutz. <\/div>\n<p><\/p>\n<div>E\u00f1 atraco fue a las 8:15 de la ma\u00f1ana, cuando los elementos de la PMM estaban por la calle 50 entre 65 y 67 se les acerc\u00f3 Gladis Hern\u00e1ndez de Dios, quien se identific\u00f3 como empleada de una farmacia ubicada sobre dicha arteria.<\/div>\n<p><\/p>\n<div>Les dijo que momentos antes entr\u00f3 al establecimiento una persona, quien la amenaz\u00f3 y rob\u00f3 170 pesos que ten\u00eda en la caja registradora.<\/div>\n<p><\/p>\n<div>Con las caracter\u00edsticas proporcionadas se realiz\u00f3 un operativo de b\u00fasqueda por el \u00e1rea, siendo localizado Crespo Cutz en la calle 54-A entre 65 y 67, quien fue identificado por la afectada.<\/div>\n<p><\/p>\n<div>Ante tales hechos el detenido, quien se encontraba en estado de ebriedad, fue trasladado a la C\u00e1rcel Municipal para su posterior remisi\u00f3n al Ministerio P\u00fablico, lugar al que la Hern\u00e1ndez de Dios dijo acudir a interponer la denuncia correspondiente.<\/div>\n","protected":false},"excerpt":{"rendered":"<p>A temprana hora de ese martes se registr\u00f3 un asalto en el centro, pero la Polic\u00eda de M\u00e9rida logr\u00f3 detener al asaltante, quien se llama Sergio Ivan Crespo Cutz. E\u00f1<\/p>\n","protected":false},"author":1,"featured_media":28676,"comment_status":"open","ping_status":"open","sticky":false,"template":"","format":"standard","meta":{"jetpack_post_was_ever_published":false,"_jetpack_newsletter_access":"","_jetpack_dont_email_post_to_subs":false,"_jetpack_newsletter_tier_id":0,"_jetpack_memberships_contains_paywalled_content":false,"_jetpack_memberships_contains_paid_content":false,"footnotes":"","jetpack_publicize_message":"","jetpack_publicize_feature_enabled":true,"jetpack_social_post_already_shared":false,"jetpack_social_options":{"image_generator_settings":{"template":"highway","default_image_id":0,"font":"","enabled":false},"version":2}},"categories":[57,1],"tags":[],"class_list":["post-9439","post","type-post","status-publish","format-standard","has-post-thumbnail","hentry","category-ratas","category-sin-categoria"],"jetpack_publicize_connections":[],"jetpack_featured_media_url":"https:\/\/formalprision.com\/wp-content\/uploads\/2010\/08\/GetAttachment211.jpg","jetpack_sharing_enabled":true,"jetpack_shortlink":"https:\/\/wp.me\/p6id8p-2sf","_links":{"self":[{"href":"https:\/\/formalprision.com\/index.php?rest_route=\/wp\/v2\/posts\/9439","targetHints":{"allow":["GET"]}}],"collection":[{"href":"https:\/\/formalprision.com\/index.php?rest_route=\/wp\/v2\/posts"}],"about":[{"href":"https:\/\/formalprision.com\/index.php?rest_route=\/wp\/v2\/types\/post"}],"author":[{"embeddable":true,"href":"https:\/\/formalprision.com\/index.php?rest_route=\/wp\/v2\/users\/1"}],"replies":[{"embeddable":true,"href":"https:\/\/formalprision.com\/index.php?rest_route=%2Fwp%2Fv2%2Fcomments&post=9439"}],"version-history":[{"count":0,"href":"https:\/\/formalprision.com\/index.php?rest_route=\/wp\/v2\/posts\/9439\/revisions"}],"wp:featuredmedia":[{"embeddable":true,"href":"https:\/\/formalprision.com\/index.php?rest_route=\/wp\/v2\/media\/28676"}],"wp:attachment":[{"href":"https:\/\/formalprision.com\/index.php?rest_route=%2Fwp%2Fv2%2Fmedia&parent=9439"}],"wp:term":[{"taxonomy":"category","embeddable":true,"href":"https:\/\/formalprision.com\/index.php?rest_route=%2Fwp%2Fv2%2Fcategories&post=9439"},{"taxonomy":"post_tag","embeddable":true,"href":"https:\/\/formalprision.com\/index.php?rest_route=%2Fwp%2Fv2%2Ftags&post=9439"}],"curies":[{"name":"wp","href":"https:\/\/api.w.org\/{rel}","templated":true}]}}