{"id":9442,"date":"2010-08-03T06:25:00","date_gmt":"2010-08-03T06:25:00","guid":{"rendered":"http:\/\/formalprision.info\/2010\/08\/03\/nuevo-jefe-de-la-ix-zona-nava\/"},"modified":"2015-06-03T09:01:23","modified_gmt":"2015-06-03T09:01:23","slug":"nuevo-jefe-de-la-ix-zona-nava","status":"publish","type":"post","link":"https:\/\/formalprision.com\/?p=9442","title":{"rendered":"Nuevo jefe de la IX Zona Naval"},"content":{"rendered":"<p><a href=\"http:\/\/1.bp.blogspot.com\/_QwiJz8zwaOw\/TFe31LO3BAI\/AAAAAAAABN4\/1JxZwd2A_7E\/s1600\/GetAttachment%5B3%5D.jpg\"><img decoding=\"async\" id=\"BLOGGER_PHOTO_ID_5501067594032415746\" style=\"FLOAT: left; MARGIN: 0px 10px 10px 0px; WIDTH: 220px; CURSOR: hand; HEIGHT: 143px\" alt=\"\" src=\"http:\/\/formalprision.com\/wp-content\/uploads\/2010\/08\/GetAttachment39.jpg\" border=\"0\" \/><\/a><\/p>\n<div>La IX Zona Naval tiene en el vicealmirante Armando Alfonso Mart\u00ednez Puente a su nuevo l\u00edder, sustituyendo a Juan Ram\u00f3n Alcal\u00e1 Pignol.<\/div>\n<p><\/p>\n<div>Ha estado anteriormente en Yucalpet\u00e9n, pero nunca en un cargo tan relevante, por lo que hay que estar pendientes de su trabajo, para evitar que el narcotr\u00e1fico se infiltre en las altas esferas del poder, tal como sucede en otras partes del pa\u00f3s.<\/div>\n<p><\/p>\n<div>Ayer se realiz\u00f3 la entrega de la bandera insignia a cargo del comandante saliente, quien estuvo por per\u00edodo de un a\u00f1o al frente de esta jurisdicci\u00f3n.<br \/>Durante la ceremonia, el nuevo mando naval refrend\u00f3 el compromiso de continuar la permanente vigilancia y patrullaje del espacio mar\u00edtimo, la lucha contra los actos il\u00edcitos y el cuidado de los recursos marinos costeros, pero eso habr\u00e1 que verlo.<br \/>Mart\u00ednez Puente procede de la V Zona Naval, con sede en Frontera, Tabasco y cuenta con amplia trayectoria a cargo del comando de sector, lo cual es algo que tranquiliza, pero no lo salva de no ser exigente con \u00e9l.<\/div>\n<p><\/p>\n<div>El nuevo comandante de la IX Zona Naval es Ingeniero Mec\u00e1nico Naval e Ingeniero Ge\u00f3grafo y se ha desempe\u00f1ado como subinspector de la Inspecci\u00f3n y Contralor\u00eda General de Marina, as\u00ed como jefe de grupo de Comando en Tamaulipas, subinspector del Mando Territorial en Mazatl\u00e1n, Sinaloa, y comandante del Sector Naval de Cozumel, Quintana Roo., o sea le gusta estar donde hay buenos carnavales.<\/div>\n<p><\/p>\n<div>Adem\u00e1s, fue comandante de flotilla en Yucalpet\u00e9n, Yucat\u00e1n, y anteriormente ocup\u00f3 el cargo de comandante del Sector Naval de este puerto. Tambi\u00e9n se le han conferido condecoraciones de perseverancia excepcional de tercera clase y Legi\u00f3n de Honor Militar.<br \/>El comandante de la V Regi\u00f3n Naval, Conrado Aparicio Blanco, fue el encargado de realizar el acto protocolario.<\/div>\n","protected":false},"excerpt":{"rendered":"<p>La IX Zona Naval tiene en el vicealmirante Armando Alfonso Mart\u00ednez Puente a su nuevo l\u00edder, sustituyendo a Juan Ram\u00f3n Alcal\u00e1 Pignol. Ha estado anteriormente en Yucalpet\u00e9n, pero nunca en<\/p>\n","protected":false},"author":1,"featured_media":28682,"comment_status":"open","ping_status":"open","sticky":false,"template":"","format":"standard","meta":{"jetpack_post_was_ever_published":false,"_jetpack_newsletter_access":"","_jetpack_dont_email_post_to_subs":false,"_jetpack_newsletter_tier_id":0,"_jetpack_memberships_contains_paywalled_content":false,"_jetpack_memberships_contains_paid_content":false,"footnotes":"","jetpack_publicize_message":"","jetpack_publicize_feature_enabled":true,"jetpack_social_post_already_shared":false,"jetpack_social_options":{"image_generator_settings":{"template":"highway","default_image_id":0,"font":"","enabled":false},"version":2}},"categories":[1,49],"tags":[],"class_list":["post-9442","post","type-post","status-publish","format-standard","has-post-thumbnail","hentry","category-sin-categoria","category-tocho-morocho"],"jetpack_publicize_connections":[],"jetpack_featured_media_url":"https:\/\/formalprision.com\/wp-content\/uploads\/2010\/08\/GetAttachment39.jpg","jetpack_sharing_enabled":true,"jetpack_shortlink":"https:\/\/wp.me\/p6id8p-2si","_links":{"self":[{"href":"https:\/\/formalprision.com\/index.php?rest_route=\/wp\/v2\/posts\/9442","targetHints":{"allow":["GET"]}}],"collection":[{"href":"https:\/\/formalprision.com\/index.php?rest_route=\/wp\/v2\/posts"}],"about":[{"href":"https:\/\/formalprision.com\/index.php?rest_route=\/wp\/v2\/types\/post"}],"author":[{"embeddable":true,"href":"https:\/\/formalprision.com\/index.php?rest_route=\/wp\/v2\/users\/1"}],"replies":[{"embeddable":true,"href":"https:\/\/formalprision.com\/index.php?rest_route=%2Fwp%2Fv2%2Fcomments&post=9442"}],"version-history":[{"count":0,"href":"https:\/\/formalprision.com\/index.php?rest_route=\/wp\/v2\/posts\/9442\/revisions"}],"wp:featuredmedia":[{"embeddable":true,"href":"https:\/\/formalprision.com\/index.php?rest_route=\/wp\/v2\/media\/28682"}],"wp:attachment":[{"href":"https:\/\/formalprision.com\/index.php?rest_route=%2Fwp%2Fv2%2Fmedia&parent=9442"}],"wp:term":[{"taxonomy":"category","embeddable":true,"href":"https:\/\/formalprision.com\/index.php?rest_route=%2Fwp%2Fv2%2Fcategories&post=9442"},{"taxonomy":"post_tag","embeddable":true,"href":"https:\/\/formalprision.com\/index.php?rest_route=%2Fwp%2Fv2%2Ftags&post=9442"}],"curies":[{"name":"wp","href":"https:\/\/api.w.org\/{rel}","templated":true}]}}