{"id":9445,"date":"2010-08-02T17:57:00","date_gmt":"2010-08-02T17:57:00","guid":{"rendered":"http:\/\/formalprision.info\/2010\/08\/02\/roban-palco-de-ivonne-ortega-en-e\/"},"modified":"2015-06-03T09:01:24","modified_gmt":"2015-06-03T09:01:24","slug":"roban-palco-de-ivonne-ortega-en-e","status":"publish","type":"post","link":"https:\/\/formalprision.com\/?p=9445","title":{"rendered":"Roban palco de Ivonne Ortega en el Kululc\u00e1n"},"content":{"rendered":"<p><a href=\"http:\/\/4.bp.blogspot.com\/_QwiJz8zwaOw\/TFcJPEVyZ8I\/AAAAAAAABNY\/_Ur34bEbe0I\/s1600\/2wn5slw%5B1%5D.jpg\"><img decoding=\"async\" id=\"BLOGGER_PHOTO_ID_5500875624324163522\" style=\"FLOAT: left; MARGIN: 0px 10px 10px 0px; WIDTH: 320px; CURSOR: hand; HEIGHT: 240px\" alt=\"\" src=\"http:\/\/formalprision.com\/wp-content\/uploads\/2010\/08\/2wn5slw1.jpg\" border=\"0\" \/><\/a><\/p>\n<div>V\u00e1ndalos hasta ahora no identificados realizaron destrozos y robaron en el parque del b\u00e9isbol Kukulc\u00e1n.<\/div>\n<p><\/p>\n<div>Lo m\u00e1s ca\u00f1\u00f3n del caso es que le dieron tambi\u00e9n al gobierno del Estado, pues los sujetos visitaron el palco asignado a la gobernadora Ivonne Ortega Pacheco.<\/div>\n<p><\/p>\n<div>La directiva de los Leones de Yucat\u00e1n ya report\u00f3 lo sucedido a la Procuradur\u00eda General de Justicia dle Estado, que envi\u00f3 al sitio a un grupo de agentes judiciales para investigar y dar fe de lo sucedido.<\/div>\n<p><\/p>\n<div>Se cree que los v\u00e1ndalos entraron al parque a las 4 de la madrugada y luego forzaron puertas de los palcos del gobierno del Estado. de condimentos La Extra, de las familias Valle Ricalde y Ricalde Dur\u00e1n.<\/div>\n<p><\/p>\n<div>Antes de irse sacaron un carrito con el que se poda el c\u00e9sped, lo rociaron con gasolina y le prendieron fuego.<\/div>\n","protected":false},"excerpt":{"rendered":"<p>V\u00e1ndalos hasta ahora no identificados realizaron destrozos y robaron en el parque del b\u00e9isbol Kukulc\u00e1n. Lo m\u00e1s ca\u00f1\u00f3n del caso es que le dieron tambi\u00e9n al gobierno del Estado, pues<\/p>\n","protected":false},"author":1,"featured_media":28687,"comment_status":"open","ping_status":"open","sticky":false,"template":"","format":"standard","meta":{"jetpack_post_was_ever_published":false,"_jetpack_newsletter_access":"","_jetpack_dont_email_post_to_subs":false,"_jetpack_newsletter_tier_id":0,"_jetpack_memberships_contains_paywalled_content":false,"_jetpack_memberships_contains_paid_content":false,"footnotes":"","jetpack_publicize_message":"","jetpack_publicize_feature_enabled":true,"jetpack_social_post_already_shared":false,"jetpack_social_options":{"image_generator_settings":{"template":"highway","default_image_id":0,"font":"","enabled":false},"version":2}},"categories":[45,57,1],"tags":[],"class_list":["post-9445","post","type-post","status-publish","format-standard","has-post-thumbnail","hentry","category-delincuentes-vip","category-ratas","category-sin-categoria"],"jetpack_publicize_connections":[],"jetpack_featured_media_url":"https:\/\/formalprision.com\/wp-content\/uploads\/2010\/08\/2wn5slw1.jpg","jetpack_sharing_enabled":true,"jetpack_shortlink":"https:\/\/wp.me\/p6id8p-2sl","_links":{"self":[{"href":"https:\/\/formalprision.com\/index.php?rest_route=\/wp\/v2\/posts\/9445","targetHints":{"allow":["GET"]}}],"collection":[{"href":"https:\/\/formalprision.com\/index.php?rest_route=\/wp\/v2\/posts"}],"about":[{"href":"https:\/\/formalprision.com\/index.php?rest_route=\/wp\/v2\/types\/post"}],"author":[{"embeddable":true,"href":"https:\/\/formalprision.com\/index.php?rest_route=\/wp\/v2\/users\/1"}],"replies":[{"embeddable":true,"href":"https:\/\/formalprision.com\/index.php?rest_route=%2Fwp%2Fv2%2Fcomments&post=9445"}],"version-history":[{"count":0,"href":"https:\/\/formalprision.com\/index.php?rest_route=\/wp\/v2\/posts\/9445\/revisions"}],"wp:featuredmedia":[{"embeddable":true,"href":"https:\/\/formalprision.com\/index.php?rest_route=\/wp\/v2\/media\/28687"}],"wp:attachment":[{"href":"https:\/\/formalprision.com\/index.php?rest_route=%2Fwp%2Fv2%2Fmedia&parent=9445"}],"wp:term":[{"taxonomy":"category","embeddable":true,"href":"https:\/\/formalprision.com\/index.php?rest_route=%2Fwp%2Fv2%2Fcategories&post=9445"},{"taxonomy":"post_tag","embeddable":true,"href":"https:\/\/formalprision.com\/index.php?rest_route=%2Fwp%2Fv2%2Ftags&post=9445"}],"curies":[{"name":"wp","href":"https:\/\/api.w.org\/{rel}","templated":true}]}}