{"id":9455,"date":"2010-07-31T06:03:00","date_gmt":"2010-07-31T06:03:00","guid":{"rendered":"http:\/\/formalprision.info\/2010\/07\/31\/veracruzano-se-pudre-esperando-chamba\/"},"modified":"2015-06-03T09:01:28","modified_gmt":"2015-06-03T09:01:28","slug":"veracruzano-se-pudre-esperando-chamba","status":"publish","type":"post","link":"https:\/\/formalprision.com\/?p=9455","title":{"rendered":"Veracruzano se pudre esperando chamba"},"content":{"rendered":"<p><a href=\"http:\/\/2.bp.blogspot.com\/_QwiJz8zwaOw\/TFPASjBKD0I\/AAAAAAAABMo\/Cq3QJqJHT4I\/s1600\/GetAttachment%5B5%5D.jpg\"><img decoding=\"async\" id=\"BLOGGER_PHOTO_ID_5499950994819780418\" style=\"FLOAT: left; MARGIN: 0px 10px 10px 0px; WIDTH: 120px; CURSOR: hand; HEIGHT: 160px\" alt=\"\" src=\"http:\/\/formalprision.com\/wp-content\/uploads\/2010\/07\/GetAttachment51.jpg\" border=\"0\" \/><\/a><\/p>\n<div>Lleg\u00f3 desde sunatal Xalapa, Veracruz, para buscar trabajo, pero en M\u00e9rida encontr\u00f3 la muerte.<\/div>\n<p><\/p>\n<div>Jos\u00e9 Alfredo Alar\u00f3n Camarilla, de 57 alos de edad, muri\u00f3 en la posada donde se hospedaba mientras le ca\u00eda una chambita.<\/div>\n<p><\/p>\n<div>Su cuerpo fue encontrado a las 08:30 horas en el interior del predio marcado con el n\u00famero 506-A de la calle 70 entre 63 y 65.<br \/>Marvin Josu\u00e9 Pardo Hernandez indic\u00f3 que en el interior de una de las habitaciones -las cuales rentan- sent\u00eda un fuerte apeste, y que en ella se encontraba una persona, la cual se registr\u00f3 con el nombre de Jos\u00e9 Alfredo, de Xalapa, Veracruz.<br \/>Al lugar se trasladaron agentes y param\u00e9dicos de la Polic\u00eda de M\u00e9rida, quienes corroboraron la informaci\u00f3n, encontrando el cuerpo de dicho sujeto, tirado sin vida y en estado de putrefacci\u00f3n -aproximadamente tres d\u00edas de haber fallecido- a un costado de la cama. <\/div>\n","protected":false},"excerpt":{"rendered":"<p>Lleg\u00f3 desde sunatal Xalapa, Veracruz, para buscar trabajo, pero en M\u00e9rida encontr\u00f3 la muerte. Jos\u00e9 Alfredo Alar\u00f3n Camarilla, de 57 alos de edad, muri\u00f3 en la posada donde se hospedaba<\/p>\n","protected":false},"author":1,"featured_media":28703,"comment_status":"open","ping_status":"open","sticky":false,"template":"","format":"standard","meta":{"jetpack_post_was_ever_published":false,"_jetpack_newsletter_access":"","_jetpack_dont_email_post_to_subs":false,"_jetpack_newsletter_tier_id":0,"_jetpack_memberships_contains_paywalled_content":false,"_jetpack_memberships_contains_paid_content":false,"footnotes":"","jetpack_publicize_message":"","jetpack_publicize_feature_enabled":true,"jetpack_social_post_already_shared":false,"jetpack_social_options":{"image_generator_settings":{"template":"highway","default_image_id":0,"font":"","enabled":false},"version":2}},"categories":[44,1],"tags":[],"class_list":["post-9455","post","type-post","status-publish","format-standard","has-post-thumbnail","hentry","category-morgue","category-sin-categoria"],"jetpack_publicize_connections":[],"jetpack_featured_media_url":"https:\/\/formalprision.com\/wp-content\/uploads\/2010\/07\/GetAttachment51.jpg","jetpack_sharing_enabled":true,"jetpack_shortlink":"https:\/\/wp.me\/p6id8p-2sv","_links":{"self":[{"href":"https:\/\/formalprision.com\/index.php?rest_route=\/wp\/v2\/posts\/9455","targetHints":{"allow":["GET"]}}],"collection":[{"href":"https:\/\/formalprision.com\/index.php?rest_route=\/wp\/v2\/posts"}],"about":[{"href":"https:\/\/formalprision.com\/index.php?rest_route=\/wp\/v2\/types\/post"}],"author":[{"embeddable":true,"href":"https:\/\/formalprision.com\/index.php?rest_route=\/wp\/v2\/users\/1"}],"replies":[{"embeddable":true,"href":"https:\/\/formalprision.com\/index.php?rest_route=%2Fwp%2Fv2%2Fcomments&post=9455"}],"version-history":[{"count":0,"href":"https:\/\/formalprision.com\/index.php?rest_route=\/wp\/v2\/posts\/9455\/revisions"}],"wp:featuredmedia":[{"embeddable":true,"href":"https:\/\/formalprision.com\/index.php?rest_route=\/wp\/v2\/media\/28703"}],"wp:attachment":[{"href":"https:\/\/formalprision.com\/index.php?rest_route=%2Fwp%2Fv2%2Fmedia&parent=9455"}],"wp:term":[{"taxonomy":"category","embeddable":true,"href":"https:\/\/formalprision.com\/index.php?rest_route=%2Fwp%2Fv2%2Fcategories&post=9455"},{"taxonomy":"post_tag","embeddable":true,"href":"https:\/\/formalprision.com\/index.php?rest_route=%2Fwp%2Fv2%2Ftags&post=9455"}],"curies":[{"name":"wp","href":"https:\/\/api.w.org\/{rel}","templated":true}]}}