{"id":9465,"date":"2010-07-29T20:06:00","date_gmt":"2010-07-29T20:06:00","guid":{"rendered":"http:\/\/formalprision.info\/2010\/07\/29\/cae-mecanico-incumplido-y-golpeador\/"},"modified":"2015-06-03T09:01:29","modified_gmt":"2015-06-03T09:01:29","slug":"cae-mecanico-incumplido-y-golpeador","status":"publish","type":"post","link":"https:\/\/formalprision.com\/?p=9465","title":{"rendered":"Cae mec\u00e1nico incumplido y golpeador"},"content":{"rendered":"<p><a href=\"http:\/\/2.bp.blogspot.com\/_QwiJz8zwaOw\/TFHruCNuuKI\/AAAAAAAABMI\/BnJ0Ju17NjI\/s1600\/aaaamecanicos.jpg\"><img decoding=\"async\" id=\"BLOGGER_PHOTO_ID_5499435796097054882\" style=\"FLOAT: left; MARGIN: 0px 10px 10px 0px; WIDTH: 203px; CURSOR: hand; HEIGHT: 160px\" alt=\"\" src=\"http:\/\/formalprision.com\/wp-content\/uploads\/2010\/07\/aaaamecanicos.jpg\" border=\"0\" \/><\/a><\/p>\n<div>Agentes de la Polic\u00eda Judicial del Estado, dieron cumplimiento a la orden de aprehensi\u00f3n 792\/2010 emitida por el Juez Sexto Penal en contra de MART\u00cdN SABIDO VARGAS, (a) \u201cBombita\u201d de 46 a\u00f1os de edad, acusado por el delito de lesiones y ataques peligrosos, denunciado por Jos\u00e9 Ermilo Rivera Escobedo.<\/p>\n<p>En la causa penal se asienta que los hechos tuvieron lugar el pasado cuatro de octubre de 2008 cuando el ahora afectado acudi\u00f3 al taller de Sabido Vargas que se ubica en la calle 67-Diagonal n\u00famero 705 entre 18 y 20 de la colonia Morelos Oriente, a fin de requerirle su dinero y unas herramientas faltantes debido a que no le termin\u00f3 un trabajo que le hab\u00eda encargado para realizar en un veh\u00edculo suyo d\u00edas antes.<\/p>\n<p>No obstante, en vez de aceptar el hecho y reparar nuevamente el auto, el due\u00f1o del taller mont\u00f3 en c\u00f3lera y sac\u00f3 un desarmador para agredir a Rivera Escobedo, lesion\u00e1ndolo en varias partes del cuerpo, y no conforme con eso, luego sac\u00f3 un tubo con el que le propin\u00f3 varios golpes, caus\u00e1ndole lesiones diversas que por fortuna no pusieron en peligro su vida.<\/p>\n<p>La querella formulada por el afectado Rivera Escobedo, refiere hechos posiblemente delictuosos cometidos en su agravio por Sabido Vargas y con la comparecencia del denunciante ante la autoridad ministerial, se justifica jur\u00eddicamente el delito que consisti\u00f3 en causar un agravio hacia la vida y a la integridad f\u00edsica del quejoso, conductas previstas y sancionadas con pena privativa de libertad por los art\u00edculos 357, 358 y 388 del c\u00f3digo sustantivo de la materia en vigor<\/p><\/div>\n","protected":false},"excerpt":{"rendered":"<p>Agentes de la Polic\u00eda Judicial del Estado, dieron cumplimiento a la orden de aprehensi\u00f3n 792\/2010 emitida por el Juez Sexto Penal en contra de MART\u00cdN SABIDO VARGAS, (a) \u201cBombita\u201d de<\/p>\n","protected":false},"author":1,"featured_media":28718,"comment_status":"open","ping_status":"open","sticky":false,"template":"","format":"standard","meta":{"jetpack_post_was_ever_published":false,"_jetpack_newsletter_access":"","_jetpack_dont_email_post_to_subs":false,"_jetpack_newsletter_tier_id":0,"_jetpack_memberships_contains_paywalled_content":false,"_jetpack_memberships_contains_paid_content":false,"footnotes":"","jetpack_publicize_message":"","jetpack_publicize_feature_enabled":true,"jetpack_social_post_already_shared":false,"jetpack_social_options":{"image_generator_settings":{"template":"highway","default_image_id":0,"font":"","enabled":false},"version":2}},"categories":[1,53],"tags":[],"class_list":["post-9465","post","type-post","status-publish","format-standard","has-post-thumbnail","hentry","category-sin-categoria","category-yo-no-fui"],"jetpack_publicize_connections":[],"jetpack_featured_media_url":"https:\/\/formalprision.com\/wp-content\/uploads\/2010\/07\/aaaamecanicos.jpg","jetpack_sharing_enabled":true,"jetpack_shortlink":"https:\/\/wp.me\/p6id8p-2sF","_links":{"self":[{"href":"https:\/\/formalprision.com\/index.php?rest_route=\/wp\/v2\/posts\/9465","targetHints":{"allow":["GET"]}}],"collection":[{"href":"https:\/\/formalprision.com\/index.php?rest_route=\/wp\/v2\/posts"}],"about":[{"href":"https:\/\/formalprision.com\/index.php?rest_route=\/wp\/v2\/types\/post"}],"author":[{"embeddable":true,"href":"https:\/\/formalprision.com\/index.php?rest_route=\/wp\/v2\/users\/1"}],"replies":[{"embeddable":true,"href":"https:\/\/formalprision.com\/index.php?rest_route=%2Fwp%2Fv2%2Fcomments&post=9465"}],"version-history":[{"count":0,"href":"https:\/\/formalprision.com\/index.php?rest_route=\/wp\/v2\/posts\/9465\/revisions"}],"wp:featuredmedia":[{"embeddable":true,"href":"https:\/\/formalprision.com\/index.php?rest_route=\/wp\/v2\/media\/28718"}],"wp:attachment":[{"href":"https:\/\/formalprision.com\/index.php?rest_route=%2Fwp%2Fv2%2Fmedia&parent=9465"}],"wp:term":[{"taxonomy":"category","embeddable":true,"href":"https:\/\/formalprision.com\/index.php?rest_route=%2Fwp%2Fv2%2Fcategories&post=9465"},{"taxonomy":"post_tag","embeddable":true,"href":"https:\/\/formalprision.com\/index.php?rest_route=%2Fwp%2Fv2%2Ftags&post=9465"}],"curies":[{"name":"wp","href":"https:\/\/api.w.org\/{rel}","templated":true}]}}