{"id":94748,"date":"2021-12-13T19:49:33","date_gmt":"2021-12-14T00:49:33","guid":{"rendered":"http:\/\/formalprision.com\/?p=94748"},"modified":"2021-12-14T11:51:26","modified_gmt":"2021-12-14T16:51:26","slug":"hoy-un-fallecido-y-seis-casos-de-covid-19-en-yucatan","status":"publish","type":"post","link":"https:\/\/formalprision.com\/?p=94748","title":{"rendered":"De nuevo un fallecido y seis casos de Covid-19 en Yucat\u00e1n"},"content":{"rendered":"\n<p>La Secretar\u00eda de Salud inform\u00f3 que este lunes 13 de diciembre se registr\u00f3 por tercer d\u00eda consecutivo solo un fallecimiento de Covid-19 en Yucat\u00e1n, el cual en esta ocasi\u00f3n correspondi\u00f3 a un hombre de 53 a\u00f1os, originario de Cozumel y hospitalizado en M\u00e9rida.<\/p>\n\n\n\n<p>La dependencia inform\u00f3 que tambi\u00e9n se reportaron 36 pacientes en hospitales p\u00fablicos y seis nuevos contagios de Coronavirus en el estado.<\/p>\n\n\n\n<p>Este lunes inici\u00f3 la aplicaci\u00f3n simultanea de la primera dosis de la vacuna contra el Coronavirus para adolescentes de 15 a 17 a\u00f1os de edad y el refuerzo a los adultos mayores de 38 municipios de Yucat\u00e1n.<\/p>\n\n\n\n<p>De igual forma, del 16 al 21 de diciembre se llevar\u00e1 a cabo en M\u00e9rida la aplicaci\u00f3n del refuerzo de la vacuna contra el Coronavirus para adultos mayores, en los dos macrocentros, ubicados en el Centro de Convenciones Yucat\u00e1n Siglo XXI y el Multigimnasio \u00abSocorro Cer\u00f3n\u00bb de la Unidad Deportiva \u00abKukulc\u00e1n\u201d. Asimismo, y para continuar avanzando en este proceso, del 15 al 17 de diciembre se vacunar\u00e1 al mismo sector de la poblaci\u00f3n de 20 municipios del interior del estado.<\/p>\n\n\n\n<figure class=\"wp-block-image size-full\"><a href=\"http:\/\/formalprision.com\/wp-content\/uploads\/2021\/12\/f7e172e0-0148-4d1e-8081-d18e49db81bf.jpg\"><img loading=\"lazy\" decoding=\"async\" width=\"800\" height=\"569\" src=\"http:\/\/formalprision.com\/wp-content\/uploads\/2021\/12\/f7e172e0-0148-4d1e-8081-d18e49db81bf.jpg\" alt=\"\" class=\"wp-image-94750\" srcset=\"https:\/\/formalprision.com\/wp-content\/uploads\/2021\/12\/f7e172e0-0148-4d1e-8081-d18e49db81bf.jpg 800w, https:\/\/formalprision.com\/wp-content\/uploads\/2021\/12\/f7e172e0-0148-4d1e-8081-d18e49db81bf-300x213.jpg 300w, https:\/\/formalprision.com\/wp-content\/uploads\/2021\/12\/f7e172e0-0148-4d1e-8081-d18e49db81bf-768x546.jpg 768w\" sizes=\"auto, (max-width: 800px) 100vw, 800px\" \/><\/a><\/figure>\n\n\n\n<p>Este es el parte m\u00e9dico de este lunes 13 de diciembre:<\/p>\n\n\n\n<p>&nbsp;Como se ha se\u00f1alado, en la reapertura econ\u00f3mica los datos m\u00e1s importantes son la ocupaci\u00f3n hospitalaria y los ingresos diarios. El d\u00eda de hoy tenemos 36 pacientes en hospitales p\u00fablicos.<\/p>\n\n\n\n<p>&nbsp;70,826 pacientes ya se recuperaron: no presentan s\u00edntomas ni pueden contagiar. Esta cifra representa el 91% del total de contagios registrados, que es 77,521.<\/p>\n\n\n\n<p>&nbsp;Hoy se detectaron 6 nuevos contagios de Coronavirus:<\/p>\n\n\n\n<p>&nbsp;5 en M\u00e9rida<\/p>\n\n\n\n<p>1 en Tixkokob<\/p>\n\n\n\n<p>De los 77,521 casos positivos, 610 son de otro pa\u00eds u otro estado.<\/p>\n\n\n\n<p>Espec\u00edficamente, en M\u00e9rida se han diagnosticado 47,378 personas contagiadas de Coronavirus (casos acumulados al 12 de diciembre), que viven en:<\/p>\n\n\n\n<p>12,235 en la zona Norte<\/p>\n\n\n\n<p>11,691 en la zona Oriente<\/p>\n\n\n\n<p>4,615 en la zona Centro<\/p>\n\n\n\n<p>7,318 en la zona Sur<\/p>\n\n\n\n<p>11,519 en la zona Poniente<\/p>\n\n\n\n<figure class=\"wp-block-image size-full\"><a href=\"http:\/\/formalprision.com\/wp-content\/uploads\/2021\/12\/731ffa89-4e44-42c3-9ba1-02e142f01031.jpg\"><img loading=\"lazy\" decoding=\"async\" width=\"800\" height=\"540\" src=\"http:\/\/formalprision.com\/wp-content\/uploads\/2021\/12\/731ffa89-4e44-42c3-9ba1-02e142f01031.jpg\" alt=\"\" class=\"wp-image-94751\" srcset=\"https:\/\/formalprision.com\/wp-content\/uploads\/2021\/12\/731ffa89-4e44-42c3-9ba1-02e142f01031.jpg 800w, https:\/\/formalprision.com\/wp-content\/uploads\/2021\/12\/731ffa89-4e44-42c3-9ba1-02e142f01031-300x203.jpg 300w, https:\/\/formalprision.com\/wp-content\/uploads\/2021\/12\/731ffa89-4e44-42c3-9ba1-02e142f01031-768x518.jpg 768w\" sizes=\"auto, (max-width: 800px) 100vw, 800px\" \/><\/a><\/figure>\n\n\n\n<p>Lamentablemente, en este parte m\u00e9dico informamos de 1 fallecimiento:<\/p>\n\n\n\n<p>1.- Masculino de 53 a\u00f1os de Cozumel, Quintana Roo &#8211; Inmunosupresi\u00f3n.<\/p>\n\n\n\n<p>Siglas: HIPERTENSI\u00d3N ARTERIAL SIST\u00c9MICA (HAS), DIABETES MELLITUS (DM) e INSUFICIENCIA RENAL CR\u00d3NICA (IRC).<\/p>\n\n\n\n<p>En total, son 6,466 las personas fallecidas a causa del Coronavirus.<\/p>\n\n\n\n<p>De los casos activos, 193 est\u00e1n estables, aislados, monitoreados por personal m\u00e9dico de la SSY; presentan s\u00edntomas leves.<\/p>\n\n\n\n<p>Como ya se mencion\u00f3, 36 de los casos positivos est\u00e1n en hospitales p\u00fablicos y en aislamiento total. Hay otros pacientes a la espera de diagn\u00f3stico.<\/p>\n\n\n\n<p>&nbsp;El rango de edad de los casos es de 1 mes a 107 a\u00f1os.<\/p>\n\n\n\n<p>&nbsp;LOS INDICADORES SEMANALES DEL SEM\u00c1FORO ESTATAL DE SALUD MARCAN COLOR VERDE.<\/p>\n","protected":false},"excerpt":{"rendered":"<p>La Secretar\u00eda de Salud inform\u00f3 que este lunes 13 de diciembre se registr\u00f3 por tercer d\u00eda consecutivo solo un fallecimiento de Covid-19 en Yucat\u00e1n, el cual en esta ocasi\u00f3n correspondi\u00f3<\/p>\n","protected":false},"author":2,"featured_media":94752,"comment_status":"open","ping_status":"open","sticky":false,"template":"","format":"standard","meta":{"jetpack_post_was_ever_published":false,"_jetpack_newsletter_access":"","_jetpack_dont_email_post_to_subs":false,"_jetpack_newsletter_tier_id":0,"_jetpack_memberships_contains_paywalled_content":false,"_jetpack_memberships_contains_paid_content":false,"footnotes":"","jetpack_publicize_message":"Hoy se reportan 36 pacientes en hospitales p\u00fablicos, un fallecido y seis nuevos contagios de Covid-19 en Yucat\u00e1n.","jetpack_publicize_feature_enabled":true,"jetpack_social_post_already_shared":true,"jetpack_social_options":{"image_generator_settings":{"template":"highway","default_image_id":0,"font":"","enabled":false},"version":2}},"categories":[54],"tags":[],"class_list":["post-94748","post","type-post","status-publish","format-standard","has-post-thumbnail","hentry","category-yucatan"],"jetpack_publicize_connections":[],"jetpack_featured_media_url":"https:\/\/formalprision.com\/wp-content\/uploads\/2021\/12\/WhatsApp-Image-2021-12-13-at-12.49.03-PM-1.jpeg","jetpack_sharing_enabled":true,"jetpack_shortlink":"https:\/\/wp.me\/p6id8p-oEc","_links":{"self":[{"href":"https:\/\/formalprision.com\/index.php?rest_route=\/wp\/v2\/posts\/94748","targetHints":{"allow":["GET"]}}],"collection":[{"href":"https:\/\/formalprision.com\/index.php?rest_route=\/wp\/v2\/posts"}],"about":[{"href":"https:\/\/formalprision.com\/index.php?rest_route=\/wp\/v2\/types\/post"}],"author":[{"embeddable":true,"href":"https:\/\/formalprision.com\/index.php?rest_route=\/wp\/v2\/users\/2"}],"replies":[{"embeddable":true,"href":"https:\/\/formalprision.com\/index.php?rest_route=%2Fwp%2Fv2%2Fcomments&post=94748"}],"version-history":[{"count":0,"href":"https:\/\/formalprision.com\/index.php?rest_route=\/wp\/v2\/posts\/94748\/revisions"}],"wp:featuredmedia":[{"embeddable":true,"href":"https:\/\/formalprision.com\/index.php?rest_route=\/wp\/v2\/media\/94752"}],"wp:attachment":[{"href":"https:\/\/formalprision.com\/index.php?rest_route=%2Fwp%2Fv2%2Fmedia&parent=94748"}],"wp:term":[{"taxonomy":"category","embeddable":true,"href":"https:\/\/formalprision.com\/index.php?rest_route=%2Fwp%2Fv2%2Fcategories&post=94748"},{"taxonomy":"post_tag","embeddable":true,"href":"https:\/\/formalprision.com\/index.php?rest_route=%2Fwp%2Fv2%2Ftags&post=94748"}],"curies":[{"name":"wp","href":"https:\/\/api.w.org\/{rel}","templated":true}]}}