{"id":9476,"date":"2010-07-27T15:31:00","date_gmt":"2010-07-27T15:31:00","guid":{"rendered":"http:\/\/formalprision.info\/2010\/07\/27\/cae-juanita-la\/"},"modified":"2015-06-03T09:01:30","modified_gmt":"2015-06-03T09:01:30","slug":"cae-juanita-la","status":"publish","type":"post","link":"https:\/\/formalprision.com\/?p=9476","title":{"rendered":"Cae Juanita la &quot;espantasuegro&quot;"},"content":{"rendered":"<p><a href=\"http:\/\/2.bp.blogspot.com\/_QwiJz8zwaOw\/TE5x0i0_3pI\/AAAAAAAABKg\/6bp7lwYK7yc\/s1600\/GetAttachment%5B8%5D.jpg\"><img decoding=\"async\" id=\"BLOGGER_PHOTO_ID_5498457342582185618\" style=\"FLOAT: left; MARGIN: 0px 10px 10px 0px; WIDTH: 124px; CURSOR: hand; HEIGHT: 160px\" alt=\"\" src=\"http:\/\/formalprision.com\/wp-content\/uploads\/2010\/07\/GetAttachment8.jpg\" border=\"0\" \/><\/a><\/p>\n<div>MAR\u00cdA JUANITA IX CANUL fue enviada al Centro de Readaptaci\u00f3n Social del Estado luego de que la Procuradur\u00eda General de Justicia consign\u00f3 su expediente por el delito de da\u00f1o en propiedad ajena y lesiones, denunciado por su suegro Gilberto Ancona Matos.<br \/>La mujer atac\u00f3 al denunciante en un predio de la localidad de Izamal, luego de que \u00e9ste le neg\u00f3 a su hija.<br \/>El indiciado refiri\u00f3 en su denuncia que la inculpada arrib\u00f3 a su domicilio, ubicado en la calle 33 entre 40 y 42 de Izamal, preguntando por la hija del afectado, pero como \u00e9ste se la neg\u00f3, la mujer se enoj\u00f3 y comenz\u00f3 a lanzar piedras al predio, luego se fue contra el denunciante, a quien golpe\u00f3 en diversas partes del cuerpo, ocasionando que cayera al suelo, en donde continu\u00f3 agredi\u00e9ndolo hasta da\u00f1arle la camisa.<br \/>Asever\u00f3 que cuando logr\u00f3 levantarse, la mujer le dio una mordida en el pecho, pero en ese momento lleg\u00f3 el yerno de la v\u00edctima y logr\u00f3 separar a la indicada, luego solicitaron la intervenci\u00f3n de la polic\u00eda, quienes detuvieron a la agresiva mujer para remitirla a las autoridades ministeriales. <\/div>\n","protected":false},"excerpt":{"rendered":"<p>MAR\u00cdA JUANITA IX CANUL fue enviada al Centro de Readaptaci\u00f3n Social del Estado luego de que la Procuradur\u00eda General de Justicia consign\u00f3 su expediente por el delito de da\u00f1o en<\/p>\n","protected":false},"author":1,"featured_media":28737,"comment_status":"open","ping_status":"open","sticky":false,"template":"","format":"standard","meta":{"jetpack_post_was_ever_published":false,"_jetpack_newsletter_access":"","_jetpack_dont_email_post_to_subs":false,"_jetpack_newsletter_tier_id":0,"_jetpack_memberships_contains_paywalled_content":false,"_jetpack_memberships_contains_paid_content":false,"footnotes":"","jetpack_publicize_message":"","jetpack_publicize_feature_enabled":true,"jetpack_social_post_already_shared":false,"jetpack_social_options":{"image_generator_settings":{"template":"highway","default_image_id":0,"font":"","enabled":false},"version":2}},"categories":[48,1],"tags":[],"class_list":["post-9476","post","type-post","status-publish","format-standard","has-post-thumbnail","hentry","category-pecadoras","category-sin-categoria"],"jetpack_publicize_connections":[],"jetpack_featured_media_url":"https:\/\/formalprision.com\/wp-content\/uploads\/2010\/07\/GetAttachment8.jpg","jetpack_sharing_enabled":true,"jetpack_shortlink":"https:\/\/wp.me\/p6id8p-2sQ","_links":{"self":[{"href":"https:\/\/formalprision.com\/index.php?rest_route=\/wp\/v2\/posts\/9476","targetHints":{"allow":["GET"]}}],"collection":[{"href":"https:\/\/formalprision.com\/index.php?rest_route=\/wp\/v2\/posts"}],"about":[{"href":"https:\/\/formalprision.com\/index.php?rest_route=\/wp\/v2\/types\/post"}],"author":[{"embeddable":true,"href":"https:\/\/formalprision.com\/index.php?rest_route=\/wp\/v2\/users\/1"}],"replies":[{"embeddable":true,"href":"https:\/\/formalprision.com\/index.php?rest_route=%2Fwp%2Fv2%2Fcomments&post=9476"}],"version-history":[{"count":0,"href":"https:\/\/formalprision.com\/index.php?rest_route=\/wp\/v2\/posts\/9476\/revisions"}],"wp:featuredmedia":[{"embeddable":true,"href":"https:\/\/formalprision.com\/index.php?rest_route=\/wp\/v2\/media\/28737"}],"wp:attachment":[{"href":"https:\/\/formalprision.com\/index.php?rest_route=%2Fwp%2Fv2%2Fmedia&parent=9476"}],"wp:term":[{"taxonomy":"category","embeddable":true,"href":"https:\/\/formalprision.com\/index.php?rest_route=%2Fwp%2Fv2%2Fcategories&post=9476"},{"taxonomy":"post_tag","embeddable":true,"href":"https:\/\/formalprision.com\/index.php?rest_route=%2Fwp%2Fv2%2Ftags&post=9476"}],"curies":[{"name":"wp","href":"https:\/\/api.w.org\/{rel}","templated":true}]}}