{"id":94769,"date":"2021-12-14T08:49:47","date_gmt":"2021-12-14T13:49:47","guid":{"rendered":"http:\/\/formalprision.com\/?p=94769"},"modified":"2021-12-14T11:50:03","modified_gmt":"2021-12-14T16:50:03","slug":"yucatan-sede-de-encuentro-internacional-de-artes-escenicas","status":"publish","type":"post","link":"https:\/\/formalprision.com\/?p=94769","title":{"rendered":"Yucat\u00e1n, sede de encuentro internacional de artes esc\u00e9nicas"},"content":{"rendered":"\n<p>Desde ayer y hasta el 18 de diciembre, profesionales y estudiantes de danza, teatro y artes circenses participar\u00e1n en la novena edici\u00f3n del encuentro esc\u00e9nico CAMP_iN 2021, que contribuye con el objetivo del Gobernador Mauricio Vila Dosal, de brindar espacios de profesionalizaci\u00f3n a las y los creadores del estado.<\/p>\n\n\n\n<p>En diversas sedes de M\u00e9rida, artistas de 20 pa\u00edses compartir\u00e1n sus experiencias en actividades presenciales y virtuales, con la finalidad de establecer alianzas internacionales entre profesionales, estudiantes, gestores y talleristas del arte esc\u00e9nico, que potencialicen las redes de conocimiento en pro del sector.<\/p>\n\n\n\n<p>La titular de la Secretar\u00eda de la Cultura y las Artes (Sedeculta), Loreto Villanueva Trujillo, celebr\u00f3 que los organizadores hayan escogido a Yucat\u00e1n para realizar esta actividad y afirm\u00f3 que la \u201cdependencia siempre estar\u00e1 en la mejor disposici\u00f3n de sumarse a este tipo de proyectos, que beneficien a la parte art\u00edstica y econ\u00f3mica, pero sobre todo, que beneficie la espiritualidad de los humanos, en especial de las y los j\u00f3venes que participar\u00e1n\u201d.<\/p>\n\n\n\n<p>El CAMP_iN est\u00e1 dise\u00f1ado bajo tres ejes: espacios de contemplaci\u00f3n, de compartir y de reflexi\u00f3n, as\u00ed como en las vertientes de Creaci\u00f3n, Pedagog\u00eda, Profesionalizaci\u00f3n, Reflexi\u00f3n, Promoci\u00f3n e Intercambio, coment\u00f3 su director, Jaciel Neri, mientras que la directora invitada del proyecto destac\u00f3 que este tipo de encuentros se vuelve necesario para generar espacios de di\u00e1logo transgeneracionales.<\/p>\n\n\n\n<p>Durante el programa y los talleres, participar\u00e1n 130 creadores de Alemania, Argentina, Brasil, Canad\u00e1, Chile, Colombia, Costa Rica, Estados Unidos, Espa\u00f1a, Guatemala, Italia, M\u00e9xico, Nicaragua, Per\u00fa, Panam\u00e1, Portugal y Venezuela.<\/p>\n\n\n\n<p>Las actividades presenciales se llevar\u00e1n a cabo en los Centro Culturales \u201cOlimpo\u201d, \u201cLa Ib\u00e9rica\u201d y de la Ni\u00f1ez Yucateca (Cecuny); estos \u00faltimos dos, dependientes de la Sedeculta, adem\u00e1s la Quinta \u201cMontes Molina\u201d, Tum\u00e1kat Estudio, el Conservatorio de Danza y el Parque de las Am\u00e9ricas.<\/p>\n\n\n\n<p>El encuentro es organizado por Moving Borders, que gracias a su trabajo, ha logrado construir puentes para la vinculaci\u00f3n internacional de las artes esc\u00e9nicas nacionales, lo que reditu\u00f3 con la presencia de los core\u00f3grafos Pietro Marullo, de Italia-B\u00e9lgica; Mateuz Czekaj, coordinador del proyecto \u201cRoots of dance\u201d, de Polonia, Martin Talaga, de Rep\u00fablica Checa.<\/p>\n\n\n\n<p>Como iniciativa adicional, dentro de la programaci\u00f3n, se efectuar\u00e1n los \u201cDi\u00e1logos creativos MX-UK. La creaci\u00f3n art\u00edstica como herramienta para el desarrollo sostenible\u201d, con apoyo de British Council M\u00e9xico, para fortalecer los v\u00ednculos entre Reino Unido y el pa\u00eds, a trav\u00e9s de las cuentas de Facebook.<\/p>\n\n\n\n<p>Dentro de esto, se contempla una serie de actividades, donde creativos nacionales y europeos intercambiar\u00e1n buenas pr\u00e1cticas para la realizaci\u00f3n de proyectos, que aporten a la consecuci\u00f3n de los objetivos de la Agenda 2030 para el Desarrollo Sostenible.<\/p>\n\n\n\n<p>La oferta abierta al p\u00fablico no tendr\u00e1 costo, pero se efectuar\u00e1 con la capacidad y los protocolos recomendados por las autoridades sanitarias. Para conocer el programa completo, las personas interesadas podr\u00e1n consultar&nbsp;<a href=\"http:\/\/facebook.com\/campinmx\/\" target=\"_blank\" rel=\"noreferrer noopener\">facebook.com\/campinmx\/<\/a>.<\/p>\n\n\n\n<p>Estuvieron presentes la directora de Desarrollo Art\u00edstico y Gesti\u00f3n Cultural de la Sedeculta, Ana Ceballos Novelo; el director de Cultura del Ayuntamiento de M\u00e9rida, Irving Berl\u00edn Villafa\u00f1a, y la coordinadora de la sede local del CAMP_iN, Paula Gonz\u00e1lez Rencoret.<\/p>\n","protected":false},"excerpt":{"rendered":"<p>Desde ayer y hasta el 18 de diciembre, profesionales y estudiantes de danza, teatro y artes circenses participar\u00e1n en la novena edici\u00f3n del encuentro esc\u00e9nico CAMP_iN 2021, que contribuye con<\/p>\n","protected":false},"author":2,"featured_media":94771,"comment_status":"open","ping_status":"open","sticky":false,"template":"","format":"standard","meta":{"jetpack_post_was_ever_published":false,"_jetpack_newsletter_access":"","_jetpack_dont_email_post_to_subs":false,"_jetpack_newsletter_tier_id":0,"_jetpack_memberships_contains_paywalled_content":false,"_jetpack_memberships_contains_paid_content":false,"footnotes":"","jetpack_publicize_message":"Inicia el IX CAMP_iN, con representantes de teatro, danza y artes circenses provenientes de 20 pa\u00edses.","jetpack_publicize_feature_enabled":true,"jetpack_social_post_already_shared":true,"jetpack_social_options":{"image_generator_settings":{"template":"highway","default_image_id":0,"font":"","enabled":false},"version":2}},"categories":[1588],"tags":[],"class_list":["post-94769","post","type-post","status-publish","format-standard","has-post-thumbnail","hentry","category-rotador-superior"],"jetpack_publicize_connections":[],"jetpack_featured_media_url":"https:\/\/formalprision.com\/wp-content\/uploads\/2021\/12\/CAMP_iN-2-credito-Maremoto-producciones_Paulina-Cervantes.jpg","jetpack_sharing_enabled":true,"jetpack_shortlink":"https:\/\/wp.me\/p6id8p-oEx","_links":{"self":[{"href":"https:\/\/formalprision.com\/index.php?rest_route=\/wp\/v2\/posts\/94769","targetHints":{"allow":["GET"]}}],"collection":[{"href":"https:\/\/formalprision.com\/index.php?rest_route=\/wp\/v2\/posts"}],"about":[{"href":"https:\/\/formalprision.com\/index.php?rest_route=\/wp\/v2\/types\/post"}],"author":[{"embeddable":true,"href":"https:\/\/formalprision.com\/index.php?rest_route=\/wp\/v2\/users\/2"}],"replies":[{"embeddable":true,"href":"https:\/\/formalprision.com\/index.php?rest_route=%2Fwp%2Fv2%2Fcomments&post=94769"}],"version-history":[{"count":0,"href":"https:\/\/formalprision.com\/index.php?rest_route=\/wp\/v2\/posts\/94769\/revisions"}],"wp:featuredmedia":[{"embeddable":true,"href":"https:\/\/formalprision.com\/index.php?rest_route=\/wp\/v2\/media\/94771"}],"wp:attachment":[{"href":"https:\/\/formalprision.com\/index.php?rest_route=%2Fwp%2Fv2%2Fmedia&parent=94769"}],"wp:term":[{"taxonomy":"category","embeddable":true,"href":"https:\/\/formalprision.com\/index.php?rest_route=%2Fwp%2Fv2%2Fcategories&post=94769"},{"taxonomy":"post_tag","embeddable":true,"href":"https:\/\/formalprision.com\/index.php?rest_route=%2Fwp%2Fv2%2Ftags&post=94769"}],"curies":[{"name":"wp","href":"https:\/\/api.w.org\/{rel}","templated":true}]}}